{"id":17472,"date":"2025-05-25T17:12:47","date_gmt":"2025-05-25T15:12:47","guid":{"rendered":"https:\/\/wgphoto.pl\/t\/?p=17472"},"modified":"2025-05-25T17:12:47","modified_gmt":"2025-05-25T15:12:47","slug":"810-290-7","status":"publish","type":"post","link":"http:\/\/wgphoto.pl\/t\/?p=17472","title":{"rendered":"810 290-7"},"content":{"rendered":"\n<figure class=\"wp-block-image aligncenter size-full\"><img loading=\"lazy\" decoding=\"async\" width=\"1200\" height=\"803\" src=\"https:\/\/wgphoto.pl\/t\/wp-content\/uploads\/2025\/05\/IMGP8187a.jpg\" alt=\"\" class=\"wp-image-17473\" srcset=\"http:\/\/wgphoto.pl\/t\/wp-content\/uploads\/2025\/05\/IMGP8187a.jpg 1200w, http:\/\/wgphoto.pl\/t\/wp-content\/uploads\/2025\/05\/IMGP8187a-300x201.jpg 300w, http:\/\/wgphoto.pl\/t\/wp-content\/uploads\/2025\/05\/IMGP8187a-768x514.jpg 768w\" sizes=\"auto, (max-width: 1200px) 100vw, 1200px\" \/><\/figure>\n\n\n\n<div class=\"wp-block-group has-global-padding is-layout-constrained wp-block-group-is-layout-constrained\">\n<p>Verm\u011b\u0159ovice &#8211; Jablonn\u00e9 nad Orlic\u00ed. Knypek jedzie jako poci\u0105g osobowy z \u00dast\u00ed nad Orlic\u00ed do Lichkova. By\u0142em przekonany, \u017ce w takiej relacji pojedzie sk\u0142ad wagonowy z (jeszcze w\u00f3wczas) &#8222;\u017celazkiem&#8221; na czele, a tu taka lipa. \ud83d\ude09 11.10.2010<\/p>\n<\/div>\n","protected":false},"excerpt":{"rendered":"<p>Verm\u011b\u0159ovice &#8211; Jablonn\u00e9 nad Orlic\u00ed. Knypek jedzie jako poci\u0105g osobowy z \u00dast\u00ed nad Orlic\u00ed do Lichkova. By\u0142em przekonany, \u017ce w takiej relacji pojedzie sk\u0142ad wagonowy z (jeszcze w\u00f3wczas) &#8222;\u017celazkiem&#8221; na czele, a tu taka lipa. \ud83d\ude09 11.10.2010<\/p>\n","protected":false},"author":1,"featured_media":17473,"comment_status":"open","ping_status":"","sticky":false,"template":"","format":"standard","meta":{"footnotes":""},"categories":[2,86],"tags":[1715,92,50,49,583,126,584,2409],"class_list":["post-17472","post","type-post","status-publish","format-standard","has-post-thumbnail","hentry","category-kolej","category-rok-2010","tag-2010-10-11","tag-92","tag-cd","tag-czechy","tag-jablonne-nad-orlici","tag-jesien","tag-tab-cz024","tag-vermerovice"],"_links":{"self":[{"href":"http:\/\/wgphoto.pl\/t\/index.php?rest_route=\/wp\/v2\/posts\/17472","targetHints":{"allow":["GET"]}}],"collection":[{"href":"http:\/\/wgphoto.pl\/t\/index.php?rest_route=\/wp\/v2\/posts"}],"about":[{"href":"http:\/\/wgphoto.pl\/t\/index.php?rest_route=\/wp\/v2\/types\/post"}],"author":[{"embeddable":true,"href":"http:\/\/wgphoto.pl\/t\/index.php?rest_route=\/wp\/v2\/users\/1"}],"replies":[{"embeddable":true,"href":"http:\/\/wgphoto.pl\/t\/index.php?rest_route=%2Fwp%2Fv2%2Fcomments&post=17472"}],"version-history":[{"count":1,"href":"http:\/\/wgphoto.pl\/t\/index.php?rest_route=\/wp\/v2\/posts\/17472\/revisions"}],"predecessor-version":[{"id":17474,"href":"http:\/\/wgphoto.pl\/t\/index.php?rest_route=\/wp\/v2\/posts\/17472\/revisions\/17474"}],"wp:featuredmedia":[{"embeddable":true,"href":"http:\/\/wgphoto.pl\/t\/index.php?rest_route=\/wp\/v2\/media\/17473"}],"wp:attachment":[{"href":"http:\/\/wgphoto.pl\/t\/index.php?rest_route=%2Fwp%2Fv2%2Fmedia&parent=17472"}],"wp:term":[{"taxonomy":"category","embeddable":true,"href":"http:\/\/wgphoto.pl\/t\/index.php?rest_route=%2Fwp%2Fv2%2Fcategories&post=17472"},{"taxonomy":"post_tag","embeddable":true,"href":"http:\/\/wgphoto.pl\/t\/index.php?rest_route=%2Fwp%2Fv2%2Ftags&post=17472"}],"curies":[{"name":"wp","href":"https:\/\/api.w.org\/{rel}","templated":true}]}}