{"id":17475,"date":"2025-05-25T17:13:44","date_gmt":"2025-05-25T15:13:44","guid":{"rendered":"https:\/\/wgphoto.pl\/t\/?p=17475"},"modified":"2025-05-25T17:13:44","modified_gmt":"2025-05-25T15:13:44","slug":"bujanie-w-chmurach","status":"publish","type":"post","link":"http:\/\/wgphoto.pl\/t\/?p=17475","title":{"rendered":"Bujanie w chmurach"},"content":{"rendered":"\n<figure class=\"wp-block-image aligncenter size-full\"><img loading=\"lazy\" decoding=\"async\" width=\"1200\" height=\"795\" src=\"https:\/\/wgphoto.pl\/t\/wp-content\/uploads\/2025\/05\/IMGP1853a.jpg\" alt=\"\" class=\"wp-image-17476\" srcset=\"http:\/\/wgphoto.pl\/t\/wp-content\/uploads\/2025\/05\/IMGP1853a.jpg 1200w, http:\/\/wgphoto.pl\/t\/wp-content\/uploads\/2025\/05\/IMGP1853a-300x199.jpg 300w, http:\/\/wgphoto.pl\/t\/wp-content\/uploads\/2025\/05\/IMGP1853a-768x509.jpg 768w\" sizes=\"auto, (max-width: 1200px) 100vw, 1200px\" \/><\/figure>\n\n\n\n<div class=\"wp-block-group has-global-padding is-layout-constrained wp-block-group-is-layout-constrained\">\n<p>Poci\u0105g przyspieszony 1705 relacji Z\u00e1b\u0159eh na Morav\u011b &#8211; Jesen\u00edk odje\u017cd\u017ca z Ostru\u017enej. Tak naprawd\u0119 nie jest to mg\u0142a lecz chmury, gdy\u017c znajdujemy si\u0119 na 715 m n.p.m. Szkoda \u017ce nie wiedzieli\u015bmy, \u017ce kilometr dalej, za g\u00f3r\u0105, po zamgleniu nie ma \u015bladu, a kolejnych kilkana\u015bcie kilometr\u00f3w dalej jest ju\u017c pe\u0142ne s\u0142o\u0144ce. 21.10.2018<\/p>\n<\/div>\n","protected":false},"excerpt":{"rendered":"<p>Poci\u0105g przyspieszony 1705 relacji Z\u00e1b\u0159eh na Morav\u011b &#8211; Jesen\u00edk odje\u017cd\u017ca z Ostru\u017enej. Tak naprawd\u0119 nie jest to mg\u0142a lecz chmury, gdy\u017c znajdujemy si\u0119 na 715 m n.p.m. Szkoda \u017ce nie wiedzieli\u015bmy, \u017ce kilometr dalej, za g\u00f3r\u0105, po zamgleniu nie ma \u015bladu, a kolejnych kilkana\u015bcie kilometr\u00f3w dalej jest ju\u017c pe\u0142ne s\u0142o\u0144ce. 21.10.2018<\/p>\n","protected":false},"author":1,"featured_media":17476,"comment_status":"open","ping_status":"","sticky":false,"template":"","format":"standard","meta":{"footnotes":""},"categories":[2,156],"tags":[982,1467,50,845,49,821,911,167],"class_list":["post-17475","post","type-post","status-publish","format-standard","has-post-thumbnail","hentry","category-kolej","category-rok-2018","tag-2018-10-21","tag-1467","tag-cd","tag-czarno-biale","tag-czechy","tag-mgla","tag-ostruzna","tag-tab-cz292"],"_links":{"self":[{"href":"http:\/\/wgphoto.pl\/t\/index.php?rest_route=\/wp\/v2\/posts\/17475","targetHints":{"allow":["GET"]}}],"collection":[{"href":"http:\/\/wgphoto.pl\/t\/index.php?rest_route=\/wp\/v2\/posts"}],"about":[{"href":"http:\/\/wgphoto.pl\/t\/index.php?rest_route=\/wp\/v2\/types\/post"}],"author":[{"embeddable":true,"href":"http:\/\/wgphoto.pl\/t\/index.php?rest_route=\/wp\/v2\/users\/1"}],"replies":[{"embeddable":true,"href":"http:\/\/wgphoto.pl\/t\/index.php?rest_route=%2Fwp%2Fv2%2Fcomments&post=17475"}],"version-history":[{"count":1,"href":"http:\/\/wgphoto.pl\/t\/index.php?rest_route=\/wp\/v2\/posts\/17475\/revisions"}],"predecessor-version":[{"id":17477,"href":"http:\/\/wgphoto.pl\/t\/index.php?rest_route=\/wp\/v2\/posts\/17475\/revisions\/17477"}],"wp:featuredmedia":[{"embeddable":true,"href":"http:\/\/wgphoto.pl\/t\/index.php?rest_route=\/wp\/v2\/media\/17476"}],"wp:attachment":[{"href":"http:\/\/wgphoto.pl\/t\/index.php?rest_route=%2Fwp%2Fv2%2Fmedia&parent=17475"}],"wp:term":[{"taxonomy":"category","embeddable":true,"href":"http:\/\/wgphoto.pl\/t\/index.php?rest_route=%2Fwp%2Fv2%2Fcategories&post=17475"},{"taxonomy":"post_tag","embeddable":true,"href":"http:\/\/wgphoto.pl\/t\/index.php?rest_route=%2Fwp%2Fv2%2Ftags&post=17475"}],"curies":[{"name":"wp","href":"https:\/\/api.w.org\/{rel}","templated":true}]}}