{"id":17487,"date":"2025-05-25T17:17:41","date_gmt":"2025-05-25T15:17:41","guid":{"rendered":"https:\/\/wgphoto.pl\/t\/?p=17487"},"modified":"2025-05-25T17:17:41","modified_gmt":"2025-05-25T15:17:41","slug":"naduzycie-zooma-we-mgle","status":"publish","type":"post","link":"http:\/\/wgphoto.pl\/t\/?p=17487","title":{"rendered":"Nadu\u017cycie zooma we mgle"},"content":{"rendered":"\n<figure class=\"wp-block-image aligncenter size-full\"><img loading=\"lazy\" decoding=\"async\" width=\"1200\" height=\"795\" src=\"https:\/\/wgphoto.pl\/t\/wp-content\/uploads\/2025\/05\/IMGP4334.jpg\" alt=\"\" class=\"wp-image-17488\" srcset=\"http:\/\/wgphoto.pl\/t\/wp-content\/uploads\/2025\/05\/IMGP4334.jpg 1200w, http:\/\/wgphoto.pl\/t\/wp-content\/uploads\/2025\/05\/IMGP4334-300x199.jpg 300w, http:\/\/wgphoto.pl\/t\/wp-content\/uploads\/2025\/05\/IMGP4334-768x509.jpg 768w\" sizes=\"auto, (max-width: 1200px) 100vw, 1200px\" \/><\/figure>\n\n\n\n<div class=\"wp-block-group has-global-padding is-layout-constrained wp-block-group-is-layout-constrained\">\n<p>Mediolan, Via dei Rospigliosi. Z mg\u0142y wy\u0142oni\u0142 si\u0119 krzyworyjkowy Fiat, co zreszt\u0105 nie by\u0142o zaskoczeniem, bo takie pojazdy zapewniaj\u0105 wy\u0142\u0105czn\u0105 obs\u0142ug\u0119 linii 16. 21.10.2017<\/p>\n<\/div>\n","protected":false},"excerpt":{"rendered":"<p>Mediolan, Via dei Rospigliosi. Z mg\u0142y wy\u0142oni\u0142 si\u0119 krzyworyjkowy Fiat, co zreszt\u0105 nie by\u0142o zaskoczeniem, bo takie pojazdy zapewniaj\u0105 wy\u0142\u0105czn\u0105 obs\u0142ug\u0119 linii 16. 21.10.2017<\/p>\n","protected":false},"author":1,"featured_media":17488,"comment_status":"open","ping_status":"","sticky":false,"template":"","format":"standard","meta":{"footnotes":""},"categories":[368,3],"tags":[1438,834,833,835,832,821,110],"class_list":["post-17487","post","type-post","status-publish","format-standard","has-post-thumbnail","hentry","category-rok-2017","category-tramwaj","tag-2017-10-21","tag-atm-milano","tag-fiat-m8","tag-mediolan","tag-mediolan-2017","tag-mgla","tag-wlochy"],"_links":{"self":[{"href":"http:\/\/wgphoto.pl\/t\/index.php?rest_route=\/wp\/v2\/posts\/17487","targetHints":{"allow":["GET"]}}],"collection":[{"href":"http:\/\/wgphoto.pl\/t\/index.php?rest_route=\/wp\/v2\/posts"}],"about":[{"href":"http:\/\/wgphoto.pl\/t\/index.php?rest_route=\/wp\/v2\/types\/post"}],"author":[{"embeddable":true,"href":"http:\/\/wgphoto.pl\/t\/index.php?rest_route=\/wp\/v2\/users\/1"}],"replies":[{"embeddable":true,"href":"http:\/\/wgphoto.pl\/t\/index.php?rest_route=%2Fwp%2Fv2%2Fcomments&post=17487"}],"version-history":[{"count":1,"href":"http:\/\/wgphoto.pl\/t\/index.php?rest_route=\/wp\/v2\/posts\/17487\/revisions"}],"predecessor-version":[{"id":17489,"href":"http:\/\/wgphoto.pl\/t\/index.php?rest_route=\/wp\/v2\/posts\/17487\/revisions\/17489"}],"wp:featuredmedia":[{"embeddable":true,"href":"http:\/\/wgphoto.pl\/t\/index.php?rest_route=\/wp\/v2\/media\/17488"}],"wp:attachment":[{"href":"http:\/\/wgphoto.pl\/t\/index.php?rest_route=%2Fwp%2Fv2%2Fmedia&parent=17487"}],"wp:term":[{"taxonomy":"category","embeddable":true,"href":"http:\/\/wgphoto.pl\/t\/index.php?rest_route=%2Fwp%2Fv2%2Fcategories&post=17487"},{"taxonomy":"post_tag","embeddable":true,"href":"http:\/\/wgphoto.pl\/t\/index.php?rest_route=%2Fwp%2Fv2%2Ftags&post=17487"}],"curies":[{"name":"wp","href":"https:\/\/api.w.org\/{rel}","templated":true}]}}