{"id":17490,"date":"2025-05-25T17:18:32","date_gmt":"2025-05-25T15:18:32","guid":{"rendered":"https:\/\/wgphoto.pl\/t\/?p=17490"},"modified":"2025-05-25T17:18:32","modified_gmt":"2025-05-25T15:18:32","slug":"duzo-zieleni","status":"publish","type":"post","link":"http:\/\/wgphoto.pl\/t\/?p=17490","title":{"rendered":"Du\u017co zieleni"},"content":{"rendered":"\n<figure class=\"wp-block-image aligncenter size-full\"><img loading=\"lazy\" decoding=\"async\" width=\"1200\" height=\"795\" src=\"https:\/\/wgphoto.pl\/t\/wp-content\/uploads\/2025\/05\/IMGP4692.jpg\" alt=\"\" class=\"wp-image-17491\" srcset=\"http:\/\/wgphoto.pl\/t\/wp-content\/uploads\/2025\/05\/IMGP4692.jpg 1200w, http:\/\/wgphoto.pl\/t\/wp-content\/uploads\/2025\/05\/IMGP4692-300x199.jpg 300w, http:\/\/wgphoto.pl\/t\/wp-content\/uploads\/2025\/05\/IMGP4692-768x509.jpg 768w\" sizes=\"auto, (max-width: 1200px) 100vw, 1200px\" \/><\/figure>\n\n\n\n<div class=\"wp-block-group has-global-padding is-layout-constrained wp-block-group-is-layout-constrained\">\n<p>Najnowsze mediola\u0144skie tramwaje pomalowane s\u0105 w takie oto barwy maskuj\u0105ce. Siedmiocz\u0142on za chwil\u0119 przekroczy granic\u0119 Mediolanu wykonuj\u0105c kurs na podmiejskiej trasie z Cinisello Balsamo. P\u00f3\u0142nocne przedmie\u015bcia stolicy Lombardii zdradzaj\u0105 ju\u017c blisko\u015b\u0107 Alp odleg\u0142ych o oko\u0142o 50 km. 23.10.2017<\/p>\n<\/div>\n","protected":false},"excerpt":{"rendered":"<p>Najnowsze mediola\u0144skie tramwaje pomalowane s\u0105 w takie oto barwy maskuj\u0105ce. Siedmiocz\u0142on za chwil\u0119 przekroczy granic\u0119 Mediolanu wykonuj\u0105c kurs na podmiejskiej trasie z Cinisello Balsamo. P\u00f3\u0142nocne przedmie\u015bcia stolicy Lombardii zdradzaj\u0105 ju\u017c blisko\u015b\u0107 Alp odleg\u0142ych o oko\u0142o 50 km. 23.10.2017<\/p>\n","protected":false},"author":1,"featured_media":17491,"comment_status":"open","ping_status":"","sticky":false,"template":"","format":"standard","meta":{"footnotes":""},"categories":[368,3],"tags":[836,834,835,832,831,110],"class_list":["post-17490","post","type-post","status-publish","format-standard","has-post-thumbnail","hentry","category-rok-2017","category-tramwaj","tag-2017-10-23","tag-atm-milano","tag-mediolan","tag-mediolan-2017","tag-sirio","tag-wlochy"],"_links":{"self":[{"href":"http:\/\/wgphoto.pl\/t\/index.php?rest_route=\/wp\/v2\/posts\/17490","targetHints":{"allow":["GET"]}}],"collection":[{"href":"http:\/\/wgphoto.pl\/t\/index.php?rest_route=\/wp\/v2\/posts"}],"about":[{"href":"http:\/\/wgphoto.pl\/t\/index.php?rest_route=\/wp\/v2\/types\/post"}],"author":[{"embeddable":true,"href":"http:\/\/wgphoto.pl\/t\/index.php?rest_route=\/wp\/v2\/users\/1"}],"replies":[{"embeddable":true,"href":"http:\/\/wgphoto.pl\/t\/index.php?rest_route=%2Fwp%2Fv2%2Fcomments&post=17490"}],"version-history":[{"count":1,"href":"http:\/\/wgphoto.pl\/t\/index.php?rest_route=\/wp\/v2\/posts\/17490\/revisions"}],"predecessor-version":[{"id":17492,"href":"http:\/\/wgphoto.pl\/t\/index.php?rest_route=\/wp\/v2\/posts\/17490\/revisions\/17492"}],"wp:featuredmedia":[{"embeddable":true,"href":"http:\/\/wgphoto.pl\/t\/index.php?rest_route=\/wp\/v2\/media\/17491"}],"wp:attachment":[{"href":"http:\/\/wgphoto.pl\/t\/index.php?rest_route=%2Fwp%2Fv2%2Fmedia&parent=17490"}],"wp:term":[{"taxonomy":"category","embeddable":true,"href":"http:\/\/wgphoto.pl\/t\/index.php?rest_route=%2Fwp%2Fv2%2Fcategories&post=17490"},{"taxonomy":"post_tag","embeddable":true,"href":"http:\/\/wgphoto.pl\/t\/index.php?rest_route=%2Fwp%2Fv2%2Ftags&post=17490"}],"curies":[{"name":"wp","href":"https:\/\/api.w.org\/{rel}","templated":true}]}}