{"id":17496,"date":"2025-05-25T17:20:17","date_gmt":"2025-05-25T15:20:17","guid":{"rendered":"https:\/\/wgphoto.pl\/t\/?p=17496"},"modified":"2025-05-25T17:20:17","modified_gmt":"2025-05-25T15:20:17","slug":"pracujacy-emeryt","status":"publish","type":"post","link":"http:\/\/wgphoto.pl\/t\/?p=17496","title":{"rendered":"Pracuj\u0105cy emeryt"},"content":{"rendered":"\n<figure class=\"wp-block-image aligncenter size-full\"><img loading=\"lazy\" decoding=\"async\" width=\"1200\" height=\"795\" src=\"https:\/\/wgphoto.pl\/t\/wp-content\/uploads\/2025\/05\/IMGP4288.jpg\" alt=\"\" class=\"wp-image-17497\" srcset=\"http:\/\/wgphoto.pl\/t\/wp-content\/uploads\/2025\/05\/IMGP4288.jpg 1200w, http:\/\/wgphoto.pl\/t\/wp-content\/uploads\/2025\/05\/IMGP4288-300x199.jpg 300w, http:\/\/wgphoto.pl\/t\/wp-content\/uploads\/2025\/05\/IMGP4288-768x509.jpg 768w\" sizes=\"auto, (max-width: 1200px) 100vw, 1200px\" \/><\/figure>\n\n\n\n<div class=\"wp-block-group has-global-padding is-layout-constrained wp-block-group-is-layout-constrained\">\n<p>Mediolan, Via Filippo Turati. Niezbyt urodziwa architektura oraz taka\u017c reklama na tramwaju, kt\u00f3ry swoje normalne barwy zachowa\u0142 jedynie na drzwiach w kolorze naturalnego drewna. Wiek emerytalny pojazdu wcale nie zwalnia go z konieczno\u015bci bycia no\u015bnikiem reklamowym. 21.10.2017<\/p>\n<\/div>\n","protected":false},"excerpt":{"rendered":"<p>Mediolan, Via Filippo Turati. Niezbyt urodziwa architektura oraz taka\u017c reklama na tramwaju, kt\u00f3ry swoje normalne barwy zachowa\u0142 jedynie na drzwiach w kolorze naturalnego drewna. Wiek emerytalny pojazdu wcale nie zwalnia go z konieczno\u015bci bycia no\u015bnikiem reklamowym. 21.10.2017<\/p>\n","protected":false},"author":1,"featured_media":17497,"comment_status":"open","ping_status":"","sticky":false,"template":"","format":"standard","meta":{"footnotes":""},"categories":[368,3],"tags":[1438,834,835,832,2724,110],"class_list":["post-17496","post","type-post","status-publish","format-standard","has-post-thumbnail","hentry","category-rok-2017","category-tramwaj","tag-2017-10-21","tag-atm-milano","tag-mediolan","tag-mediolan-2017","tag-peter-witt","tag-wlochy"],"_links":{"self":[{"href":"http:\/\/wgphoto.pl\/t\/index.php?rest_route=\/wp\/v2\/posts\/17496","targetHints":{"allow":["GET"]}}],"collection":[{"href":"http:\/\/wgphoto.pl\/t\/index.php?rest_route=\/wp\/v2\/posts"}],"about":[{"href":"http:\/\/wgphoto.pl\/t\/index.php?rest_route=\/wp\/v2\/types\/post"}],"author":[{"embeddable":true,"href":"http:\/\/wgphoto.pl\/t\/index.php?rest_route=\/wp\/v2\/users\/1"}],"replies":[{"embeddable":true,"href":"http:\/\/wgphoto.pl\/t\/index.php?rest_route=%2Fwp%2Fv2%2Fcomments&post=17496"}],"version-history":[{"count":1,"href":"http:\/\/wgphoto.pl\/t\/index.php?rest_route=\/wp\/v2\/posts\/17496\/revisions"}],"predecessor-version":[{"id":17498,"href":"http:\/\/wgphoto.pl\/t\/index.php?rest_route=\/wp\/v2\/posts\/17496\/revisions\/17498"}],"wp:featuredmedia":[{"embeddable":true,"href":"http:\/\/wgphoto.pl\/t\/index.php?rest_route=\/wp\/v2\/media\/17497"}],"wp:attachment":[{"href":"http:\/\/wgphoto.pl\/t\/index.php?rest_route=%2Fwp%2Fv2%2Fmedia&parent=17496"}],"wp:term":[{"taxonomy":"category","embeddable":true,"href":"http:\/\/wgphoto.pl\/t\/index.php?rest_route=%2Fwp%2Fv2%2Fcategories&post=17496"},{"taxonomy":"post_tag","embeddable":true,"href":"http:\/\/wgphoto.pl\/t\/index.php?rest_route=%2Fwp%2Fv2%2Ftags&post=17496"}],"curies":[{"name":"wp","href":"https:\/\/api.w.org\/{rel}","templated":true}]}}