{"id":17502,"date":"2025-05-25T17:22:46","date_gmt":"2025-05-25T15:22:46","guid":{"rendered":"https:\/\/wgphoto.pl\/t\/?p=17502"},"modified":"2025-05-25T17:22:46","modified_gmt":"2025-05-25T15:22:46","slug":"na-przedmiesciach","status":"publish","type":"post","link":"http:\/\/wgphoto.pl\/t\/?p=17502","title":{"rendered":"Na przedmie\u015bciach"},"content":{"rendered":"\n<figure class=\"wp-block-image aligncenter size-full\"><img loading=\"lazy\" decoding=\"async\" width=\"1200\" height=\"795\" src=\"https:\/\/wgphoto.pl\/t\/wp-content\/uploads\/2025\/05\/IMGP9498-1.jpg\" alt=\"\" class=\"wp-image-17504\" srcset=\"http:\/\/wgphoto.pl\/t\/wp-content\/uploads\/2025\/05\/IMGP9498-1.jpg 1200w, http:\/\/wgphoto.pl\/t\/wp-content\/uploads\/2025\/05\/IMGP9498-1-300x199.jpg 300w, http:\/\/wgphoto.pl\/t\/wp-content\/uploads\/2025\/05\/IMGP9498-1-768x509.jpg 768w\" sizes=\"auto, (max-width: 1200px) 100vw, 1200px\" \/><\/figure>\n\n\n\n<div class=\"wp-block-group has-global-padding is-layout-constrained wp-block-group-is-layout-constrained\">\n<p>Saltsj\u00f6banan przemierza sztokholmskie przedmie\u015bcia zbli\u017caj\u0105c si\u0119 do stacji Saltsj\u00f6-Duvn\u00e4s. 20.01.2015<\/p>\n<\/div>\n","protected":false},"excerpt":{"rendered":"<p>Saltsj\u00f6banan przemierza sztokholmskie przedmie\u015bcia zbli\u017caj\u0105c si\u0119 do stacji Saltsj\u00f6-Duvn\u00e4s. 20.01.2015<\/p>\n","protected":false},"author":1,"featured_media":17504,"comment_status":"open","ping_status":"","sticky":false,"template":"","format":"standard","meta":{"footnotes":""},"categories":[2,104],"tags":[1485,1374,3149,682,44,686,685],"class_list":["post-17502","post","type-post","status-publish","format-standard","has-post-thumbnail","hentry","category-kolej","category-rok-2015","tag-2015-01-20","tag-kolej-podmiejska","tag-saltsjobanan","tag-sl-stockholm","tag-snieg","tag-sztokholm","tag-szwecja"],"_links":{"self":[{"href":"http:\/\/wgphoto.pl\/t\/index.php?rest_route=\/wp\/v2\/posts\/17502","targetHints":{"allow":["GET"]}}],"collection":[{"href":"http:\/\/wgphoto.pl\/t\/index.php?rest_route=\/wp\/v2\/posts"}],"about":[{"href":"http:\/\/wgphoto.pl\/t\/index.php?rest_route=\/wp\/v2\/types\/post"}],"author":[{"embeddable":true,"href":"http:\/\/wgphoto.pl\/t\/index.php?rest_route=\/wp\/v2\/users\/1"}],"replies":[{"embeddable":true,"href":"http:\/\/wgphoto.pl\/t\/index.php?rest_route=%2Fwp%2Fv2%2Fcomments&post=17502"}],"version-history":[{"count":1,"href":"http:\/\/wgphoto.pl\/t\/index.php?rest_route=\/wp\/v2\/posts\/17502\/revisions"}],"predecessor-version":[{"id":17505,"href":"http:\/\/wgphoto.pl\/t\/index.php?rest_route=\/wp\/v2\/posts\/17502\/revisions\/17505"}],"wp:featuredmedia":[{"embeddable":true,"href":"http:\/\/wgphoto.pl\/t\/index.php?rest_route=\/wp\/v2\/media\/17504"}],"wp:attachment":[{"href":"http:\/\/wgphoto.pl\/t\/index.php?rest_route=%2Fwp%2Fv2%2Fmedia&parent=17502"}],"wp:term":[{"taxonomy":"category","embeddable":true,"href":"http:\/\/wgphoto.pl\/t\/index.php?rest_route=%2Fwp%2Fv2%2Fcategories&post=17502"},{"taxonomy":"post_tag","embeddable":true,"href":"http:\/\/wgphoto.pl\/t\/index.php?rest_route=%2Fwp%2Fv2%2Ftags&post=17502"}],"curies":[{"name":"wp","href":"https:\/\/api.w.org\/{rel}","templated":true}]}}