{"id":17515,"date":"2025-05-25T20:38:49","date_gmt":"2025-05-25T18:38:49","guid":{"rendered":"https:\/\/wgphoto.pl\/t\/?p=17515"},"modified":"2025-05-25T20:38:49","modified_gmt":"2025-05-25T18:38:49","slug":"jesienne-mgly","status":"publish","type":"post","link":"http:\/\/wgphoto.pl\/t\/?p=17515","title":{"rendered":"Jesienne mg\u0142y"},"content":{"rendered":"\n<figure class=\"wp-block-image aligncenter size-full\"><img loading=\"lazy\" decoding=\"async\" width=\"1200\" height=\"803\" src=\"https:\/\/wgphoto.pl\/t\/wp-content\/uploads\/2025\/05\/IMGP9950.jpg\" alt=\"\" class=\"wp-image-17516\" srcset=\"http:\/\/wgphoto.pl\/t\/wp-content\/uploads\/2025\/05\/IMGP9950.jpg 1200w, http:\/\/wgphoto.pl\/t\/wp-content\/uploads\/2025\/05\/IMGP9950-300x201.jpg 300w, http:\/\/wgphoto.pl\/t\/wp-content\/uploads\/2025\/05\/IMGP9950-768x514.jpg 768w\" sizes=\"auto, (max-width: 1200px) 100vw, 1200px\" \/><\/figure>\n\n\n\n<div class=\"wp-block-group has-global-padding is-layout-constrained wp-block-group-is-layout-constrained\">\n<p>Pierwszy poranny rychlik z Pragi do Trutnova &#8211; 849 &#8222;\u00dapa&#8221; &#8211; odjecha\u0142 przed chwil\u0105 ze stacji Mal\u00e9 Svato\u0148ovice. To jest ta pora, o kt\u00f3rej pasuje \u015bwiat\u0142o na kadr z poprzedniego zdj\u0119cia (na poci\u0105g jad\u0105cy w przeciwnym kierunku), ale na dobr\u0105 widoczno\u015b\u0107 na g\u00f3rskie szczyty nie by\u0142o co liczy\u0107. 13.10.2012<\/p>\n<\/div>\n","protected":false},"excerpt":{"rendered":"<p>Pierwszy poranny rychlik z Pragi do Trutnova &#8211; 849 &#8222;\u00dapa&#8221; &#8211; odjecha\u0142 przed chwil\u0105 ze stacji Mal\u00e9 Svato\u0148ovice. To jest ta pora, o kt\u00f3rej pasuje \u015bwiat\u0142o na kadr z poprzedniego zdj\u0119cia (na poci\u0105g jad\u0105cy w przeciwnym kierunku), ale na dobr\u0105 widoczno\u015b\u0107 na g\u00f3rskie szczyty nie by\u0142o co liczy\u0107. 13.10.2012<\/p>\n","protected":false},"author":1,"featured_media":17516,"comment_status":"open","ping_status":"","sticky":false,"template":"","format":"standard","meta":{"footnotes":""},"categories":[2,46],"tags":[1870,1467,50,49,2855,821,176,1917],"class_list":["post-17515","post","type-post","status-publish","format-standard","has-post-thumbnail","hentry","category-kolej","category-rok-2012","tag-2012-10-13","tag-1467","tag-cd","tag-czechy","tag-male-svatonovice","tag-mgla","tag-rano","tag-tab-cz032"],"_links":{"self":[{"href":"http:\/\/wgphoto.pl\/t\/index.php?rest_route=\/wp\/v2\/posts\/17515","targetHints":{"allow":["GET"]}}],"collection":[{"href":"http:\/\/wgphoto.pl\/t\/index.php?rest_route=\/wp\/v2\/posts"}],"about":[{"href":"http:\/\/wgphoto.pl\/t\/index.php?rest_route=\/wp\/v2\/types\/post"}],"author":[{"embeddable":true,"href":"http:\/\/wgphoto.pl\/t\/index.php?rest_route=\/wp\/v2\/users\/1"}],"replies":[{"embeddable":true,"href":"http:\/\/wgphoto.pl\/t\/index.php?rest_route=%2Fwp%2Fv2%2Fcomments&post=17515"}],"version-history":[{"count":1,"href":"http:\/\/wgphoto.pl\/t\/index.php?rest_route=\/wp\/v2\/posts\/17515\/revisions"}],"predecessor-version":[{"id":17517,"href":"http:\/\/wgphoto.pl\/t\/index.php?rest_route=\/wp\/v2\/posts\/17515\/revisions\/17517"}],"wp:featuredmedia":[{"embeddable":true,"href":"http:\/\/wgphoto.pl\/t\/index.php?rest_route=\/wp\/v2\/media\/17516"}],"wp:attachment":[{"href":"http:\/\/wgphoto.pl\/t\/index.php?rest_route=%2Fwp%2Fv2%2Fmedia&parent=17515"}],"wp:term":[{"taxonomy":"category","embeddable":true,"href":"http:\/\/wgphoto.pl\/t\/index.php?rest_route=%2Fwp%2Fv2%2Fcategories&post=17515"},{"taxonomy":"post_tag","embeddable":true,"href":"http:\/\/wgphoto.pl\/t\/index.php?rest_route=%2Fwp%2Fv2%2Ftags&post=17515"}],"curies":[{"name":"wp","href":"https:\/\/api.w.org\/{rel}","templated":true}]}}