{"id":17518,"date":"2025-05-25T20:39:41","date_gmt":"2025-05-25T18:39:41","guid":{"rendered":"https:\/\/wgphoto.pl\/t\/?p=17518"},"modified":"2025-05-25T20:39:41","modified_gmt":"2025-05-25T18:39:41","slug":"jesienne-dymy","status":"publish","type":"post","link":"http:\/\/wgphoto.pl\/t\/?p=17518","title":{"rendered":"Jesienne dymy"},"content":{"rendered":"\n<figure class=\"wp-block-image aligncenter size-full\"><img loading=\"lazy\" decoding=\"async\" width=\"1200\" height=\"803\" src=\"https:\/\/wgphoto.pl\/t\/wp-content\/uploads\/2025\/05\/IMGP0051.jpg\" alt=\"\" class=\"wp-image-17519\" srcset=\"http:\/\/wgphoto.pl\/t\/wp-content\/uploads\/2025\/05\/IMGP0051.jpg 1200w, http:\/\/wgphoto.pl\/t\/wp-content\/uploads\/2025\/05\/IMGP0051-300x201.jpg 300w, http:\/\/wgphoto.pl\/t\/wp-content\/uploads\/2025\/05\/IMGP0051-768x514.jpg 768w\" sizes=\"auto, (max-width: 1200px) 100vw, 1200px\" \/><\/figure>\n\n\n\n<div class=\"wp-block-group has-global-padding is-layout-constrained wp-block-group-is-layout-constrained\">\n<p>Velk\u00e9 Svato\u0148ovice &#8211; Suchovr\u0161ice. \u015awiat\u0142o coraz kr\u00f3tszego, jesiennego dnia ju\u017c si\u0119 ko\u0144czy, a 750 707-2 prowadzi rychlik 857 &#8222;Metuje&#8221; z Pragi do Trutnova. Do celu zosta\u0142o mu ju\u017c tylko kilkana\u015bcie kilometr\u00f3w. 13.10.2012<\/p>\n<\/div>\n","protected":false},"excerpt":{"rendered":"<p>Velk\u00e9 Svato\u0148ovice &#8211; Suchovr\u0161ice. \u015awiat\u0142o coraz kr\u00f3tszego, jesiennego dnia ju\u017c si\u0119 ko\u0144czy, a 750 707-2 prowadzi rychlik 857 &#8222;Metuje&#8221; z Pragi do Trutnova. Do celu zosta\u0142o mu ju\u017c tylko kilkana\u015bcie kilometr\u00f3w. 13.10.2012<\/p>\n","protected":false},"author":1,"featured_media":17519,"comment_status":"open","ping_status":"","sticky":false,"template":"","format":"standard","meta":{"footnotes":""},"categories":[2,46],"tags":[1870,1467,50,49,3857,1917,3655],"class_list":["post-17518","post","type-post","status-publish","format-standard","has-post-thumbnail","hentry","category-kolej","category-rok-2012","tag-2012-10-13","tag-1467","tag-cd","tag-czechy","tag-suchovrsice","tag-tab-cz032","tag-velke-svatonovice"],"_links":{"self":[{"href":"http:\/\/wgphoto.pl\/t\/index.php?rest_route=\/wp\/v2\/posts\/17518","targetHints":{"allow":["GET"]}}],"collection":[{"href":"http:\/\/wgphoto.pl\/t\/index.php?rest_route=\/wp\/v2\/posts"}],"about":[{"href":"http:\/\/wgphoto.pl\/t\/index.php?rest_route=\/wp\/v2\/types\/post"}],"author":[{"embeddable":true,"href":"http:\/\/wgphoto.pl\/t\/index.php?rest_route=\/wp\/v2\/users\/1"}],"replies":[{"embeddable":true,"href":"http:\/\/wgphoto.pl\/t\/index.php?rest_route=%2Fwp%2Fv2%2Fcomments&post=17518"}],"version-history":[{"count":1,"href":"http:\/\/wgphoto.pl\/t\/index.php?rest_route=\/wp\/v2\/posts\/17518\/revisions"}],"predecessor-version":[{"id":17520,"href":"http:\/\/wgphoto.pl\/t\/index.php?rest_route=\/wp\/v2\/posts\/17518\/revisions\/17520"}],"wp:featuredmedia":[{"embeddable":true,"href":"http:\/\/wgphoto.pl\/t\/index.php?rest_route=\/wp\/v2\/media\/17519"}],"wp:attachment":[{"href":"http:\/\/wgphoto.pl\/t\/index.php?rest_route=%2Fwp%2Fv2%2Fmedia&parent=17518"}],"wp:term":[{"taxonomy":"category","embeddable":true,"href":"http:\/\/wgphoto.pl\/t\/index.php?rest_route=%2Fwp%2Fv2%2Fcategories&post=17518"},{"taxonomy":"post_tag","embeddable":true,"href":"http:\/\/wgphoto.pl\/t\/index.php?rest_route=%2Fwp%2Fv2%2Ftags&post=17518"}],"curies":[{"name":"wp","href":"https:\/\/api.w.org\/{rel}","templated":true}]}}