{"id":1758,"date":"2024-10-06T20:33:05","date_gmt":"2024-10-06T18:33:05","guid":{"rendered":"https:\/\/wgphoto.pl\/t\/?p=1758"},"modified":"2024-10-06T20:33:05","modified_gmt":"2024-10-06T18:33:05","slug":"niezamierzone-efekty-specjalne","status":"publish","type":"post","link":"http:\/\/wgphoto.pl\/t\/?p=1758","title":{"rendered":"Niezamierzone efekty specjalne"},"content":{"rendered":"\n<figure class=\"wp-block-image aligncenter size-full\"><img loading=\"lazy\" decoding=\"async\" width=\"1050\" height=\"700\" src=\"https:\/\/wgphoto.pl\/t\/wp-content\/uploads\/2024\/10\/2002d-02.jpg\" alt=\"\" class=\"wp-image-1759\" srcset=\"http:\/\/wgphoto.pl\/t\/wp-content\/uploads\/2024\/10\/2002d-02.jpg 1050w, http:\/\/wgphoto.pl\/t\/wp-content\/uploads\/2024\/10\/2002d-02-300x200.jpg 300w, http:\/\/wgphoto.pl\/t\/wp-content\/uploads\/2024\/10\/2002d-02-768x512.jpg 768w\" sizes=\"auto, (max-width: 1050px) 100vw, 1050px\" \/><\/figure>\n\n\n\n<div class=\"wp-block-group has-global-padding is-layout-constrained wp-block-group-is-layout-constrained\">\n<p>Toru\u0144, p\u0119tla Olimpijska, sk\u0142ad 805Na 264+265. W czasach gdy nie zdawa\u0142em sobie sprawy z tego, czym gro\u017c\u0105 krople na przedniej soczewce obiektywu, zdarza\u0142y si\u0119 zaskoczenia po wywo\u0142aniu kliszy. \ud83d\ude09 Dzisiaj to foto prezentuj\u0119, bo efekt, jakkolwiek jest wad\u0105, prezentuje si\u0119 interesuj\u0105co. 19.02.2002<\/p>\n<\/div>\n","protected":false},"excerpt":{"rendered":"<p>Toru\u0144, p\u0119tla Olimpijska, sk\u0142ad 805Na 264+265. W czasach gdy nie zdawa\u0142em sobie sprawy z tego, czym gro\u017c\u0105 krople na przedniej soczewce obiektywu, zdarza\u0142y si\u0119 zaskoczenia po wywo\u0142aniu kliszy. \ud83d\ude09 Dzisiaj to foto prezentuj\u0119, bo efekt, jakkolwiek jest wad\u0105, prezentuje si\u0119 interesuj\u0105co. 19.02.2002<\/p>\n","protected":false},"author":1,"featured_media":1759,"comment_status":"open","ping_status":"","sticky":false,"template":"","format":"standard","meta":{"footnotes":""},"categories":[62,577,3],"tags":[918,13,916,919,154,27,438,917],"class_list":["post-1758","post","type-post","status-publish","format-standard","has-post-thumbnail","hentry","category-analog","category-rok-2002","category-tramwaj","tag-2002-02-19","tag-deszcz","tag-konstal-805na","tag-mzk-torun","tag-noc","tag-polska","tag-portret-z-petli","tag-torun"],"_links":{"self":[{"href":"http:\/\/wgphoto.pl\/t\/index.php?rest_route=\/wp\/v2\/posts\/1758","targetHints":{"allow":["GET"]}}],"collection":[{"href":"http:\/\/wgphoto.pl\/t\/index.php?rest_route=\/wp\/v2\/posts"}],"about":[{"href":"http:\/\/wgphoto.pl\/t\/index.php?rest_route=\/wp\/v2\/types\/post"}],"author":[{"embeddable":true,"href":"http:\/\/wgphoto.pl\/t\/index.php?rest_route=\/wp\/v2\/users\/1"}],"replies":[{"embeddable":true,"href":"http:\/\/wgphoto.pl\/t\/index.php?rest_route=%2Fwp%2Fv2%2Fcomments&post=1758"}],"version-history":[{"count":1,"href":"http:\/\/wgphoto.pl\/t\/index.php?rest_route=\/wp\/v2\/posts\/1758\/revisions"}],"predecessor-version":[{"id":1760,"href":"http:\/\/wgphoto.pl\/t\/index.php?rest_route=\/wp\/v2\/posts\/1758\/revisions\/1760"}],"wp:featuredmedia":[{"embeddable":true,"href":"http:\/\/wgphoto.pl\/t\/index.php?rest_route=\/wp\/v2\/media\/1759"}],"wp:attachment":[{"href":"http:\/\/wgphoto.pl\/t\/index.php?rest_route=%2Fwp%2Fv2%2Fmedia&parent=1758"}],"wp:term":[{"taxonomy":"category","embeddable":true,"href":"http:\/\/wgphoto.pl\/t\/index.php?rest_route=%2Fwp%2Fv2%2Fcategories&post=1758"},{"taxonomy":"post_tag","embeddable":true,"href":"http:\/\/wgphoto.pl\/t\/index.php?rest_route=%2Fwp%2Fv2%2Ftags&post=1758"}],"curies":[{"name":"wp","href":"https:\/\/api.w.org\/{rel}","templated":true}]}}