{"id":17590,"date":"2025-05-25T21:41:34","date_gmt":"2025-05-25T19:41:34","guid":{"rendered":"https:\/\/wgphoto.pl\/t\/?p=17590"},"modified":"2025-05-25T21:41:34","modified_gmt":"2025-05-25T19:41:34","slug":"jar","status":"publish","type":"post","link":"http:\/\/wgphoto.pl\/t\/?p=17590","title":{"rendered":"Jar"},"content":{"rendered":"\n<figure class=\"wp-block-image aligncenter size-full\"><img loading=\"lazy\" decoding=\"async\" width=\"1300\" height=\"870\" src=\"https:\/\/wgphoto.pl\/t\/wp-content\/uploads\/2025\/05\/IMGP1009.jpg\" alt=\"\" class=\"wp-image-17591\" srcset=\"http:\/\/wgphoto.pl\/t\/wp-content\/uploads\/2025\/05\/IMGP1009.jpg 1300w, http:\/\/wgphoto.pl\/t\/wp-content\/uploads\/2025\/05\/IMGP1009-300x201.jpg 300w, http:\/\/wgphoto.pl\/t\/wp-content\/uploads\/2025\/05\/IMGP1009-768x514.jpg 768w\" sizes=\"auto, (max-width: 1300px) 100vw, 1300px\" \/><\/figure>\n\n\n\n<div class=\"wp-block-group has-global-padding is-layout-constrained wp-block-group-is-layout-constrained\">\n<p>Oslo, Jar. Wagon SL95 nr 170 sko\u0144czy\u0142 kurs na pierwszym przystanku wsp\u00f3lnego odcinka z metrem. Dzi\u015b oba \u015brodki transportu dosieraj\u0105 par\u0119 kilometr\u00f3w dalej &#8211; tramwajem jest to jeden przystanek, metrem dwa (i metro jedzie jeszcze dalej). [22.05.2011]<\/p>\n<\/div>\n","protected":false},"excerpt":{"rendered":"<p>Oslo, Jar. Wagon SL95 nr 170 sko\u0144czy\u0142 kurs na pierwszym przystanku wsp\u00f3lnego odcinka z metrem. Dzi\u015b oba \u015brodki transportu dosieraj\u0105 par\u0119 kilometr\u00f3w dalej &#8211; tramwajem jest to jeden przystanek, metrem dwa (i metro jedzie jeszcze dalej). [22.05.2011]<\/p>\n","protected":false},"author":1,"featured_media":17591,"comment_status":"open","ping_status":"","sticky":false,"template":"","format":"standard","meta":{"footnotes":""},"categories":[77,3],"tags":[81,745,230,78,79,82,80],"class_list":["post-17590","post","type-post","status-publish","format-standard","has-post-thumbnail","hentry","category-rok-2011","category-tramwaj","tag-2011-05-22","tag-budowa","tag-infrastruktura","tag-norwegia","tag-oslo","tag-oslotrikken","tag-sl95"],"_links":{"self":[{"href":"http:\/\/wgphoto.pl\/t\/index.php?rest_route=\/wp\/v2\/posts\/17590","targetHints":{"allow":["GET"]}}],"collection":[{"href":"http:\/\/wgphoto.pl\/t\/index.php?rest_route=\/wp\/v2\/posts"}],"about":[{"href":"http:\/\/wgphoto.pl\/t\/index.php?rest_route=\/wp\/v2\/types\/post"}],"author":[{"embeddable":true,"href":"http:\/\/wgphoto.pl\/t\/index.php?rest_route=\/wp\/v2\/users\/1"}],"replies":[{"embeddable":true,"href":"http:\/\/wgphoto.pl\/t\/index.php?rest_route=%2Fwp%2Fv2%2Fcomments&post=17590"}],"version-history":[{"count":1,"href":"http:\/\/wgphoto.pl\/t\/index.php?rest_route=\/wp\/v2\/posts\/17590\/revisions"}],"predecessor-version":[{"id":17592,"href":"http:\/\/wgphoto.pl\/t\/index.php?rest_route=\/wp\/v2\/posts\/17590\/revisions\/17592"}],"wp:featuredmedia":[{"embeddable":true,"href":"http:\/\/wgphoto.pl\/t\/index.php?rest_route=\/wp\/v2\/media\/17591"}],"wp:attachment":[{"href":"http:\/\/wgphoto.pl\/t\/index.php?rest_route=%2Fwp%2Fv2%2Fmedia&parent=17590"}],"wp:term":[{"taxonomy":"category","embeddable":true,"href":"http:\/\/wgphoto.pl\/t\/index.php?rest_route=%2Fwp%2Fv2%2Fcategories&post=17590"},{"taxonomy":"post_tag","embeddable":true,"href":"http:\/\/wgphoto.pl\/t\/index.php?rest_route=%2Fwp%2Fv2%2Ftags&post=17590"}],"curies":[{"name":"wp","href":"https:\/\/api.w.org\/{rel}","templated":true}]}}