{"id":17655,"date":"2025-05-25T22:13:31","date_gmt":"2025-05-25T20:13:31","guid":{"rendered":"https:\/\/wgphoto.pl\/t\/?p=17655"},"modified":"2025-05-25T22:13:31","modified_gmt":"2025-05-25T20:13:31","slug":"maly-tramwaju-zabierz-mnie-nad-rzeke","status":"publish","type":"post","link":"http:\/\/wgphoto.pl\/t\/?p=17655","title":{"rendered":"Ma\u0142y tramwaju, zabierz mnie nad rzek\u0119"},"content":{"rendered":"\n<figure class=\"wp-block-image aligncenter size-full\"><img loading=\"lazy\" decoding=\"async\" width=\"1300\" height=\"861\" src=\"https:\/\/wgphoto.pl\/t\/wp-content\/uploads\/2025\/05\/IMGP7548.jpg\" alt=\"\" class=\"wp-image-17656\" srcset=\"http:\/\/wgphoto.pl\/t\/wp-content\/uploads\/2025\/05\/IMGP7548.jpg 1300w, http:\/\/wgphoto.pl\/t\/wp-content\/uploads\/2025\/05\/IMGP7548-300x199.jpg 300w, http:\/\/wgphoto.pl\/t\/wp-content\/uploads\/2025\/05\/IMGP7548-768x509.jpg 768w\" sizes=\"auto, (max-width: 1300px) 100vw, 1300px\" \/><\/figure>\n\n\n\n<div class=\"wp-block-group has-global-padding is-layout-constrained wp-block-group-is-layout-constrained\">\n<p>Besan\u00e7on, Pont Charles de Gaulle. Kr\u00f3tki CAF po raz czwarty i ostatni na swojej trasie przekracza rzek\u0119 Doubs. Trzeci raz dokonywa\u0142 tego kolejnym mostem widocznym w tle. [23.03.2018]<\/p>\n<\/div>\n","protected":false},"excerpt":{"rendered":"<p>Besan\u00e7on, Pont Charles de Gaulle. Kr\u00f3tki CAF po raz czwarty i ostatni na swojej trasie przekracza rzek\u0119 Doubs. Trzeci raz dokonywa\u0142 tego kolejnym mostem widocznym w tle. [23.03.2018]<\/p>\n","protected":false},"author":1,"featured_media":17656,"comment_status":"open","ping_status":"","sticky":false,"template":"","format":"standard","meta":{"footnotes":""},"categories":[156,3],"tags":[1509,1507,157,415,113,1508,45,73,183],"class_list":["post-17655","post","type-post","status-publish","format-standard","has-post-thumbnail","hentry","category-rok-2018","category-tramwaj","tag-2018-03-23","tag-besancon","tag-caf-urbos","tag-francja","tag-landszaft","tag-mobilites-besancon","tag-most","tag-rzeka","tag-suissetrip-2018"],"_links":{"self":[{"href":"http:\/\/wgphoto.pl\/t\/index.php?rest_route=\/wp\/v2\/posts\/17655","targetHints":{"allow":["GET"]}}],"collection":[{"href":"http:\/\/wgphoto.pl\/t\/index.php?rest_route=\/wp\/v2\/posts"}],"about":[{"href":"http:\/\/wgphoto.pl\/t\/index.php?rest_route=\/wp\/v2\/types\/post"}],"author":[{"embeddable":true,"href":"http:\/\/wgphoto.pl\/t\/index.php?rest_route=\/wp\/v2\/users\/1"}],"replies":[{"embeddable":true,"href":"http:\/\/wgphoto.pl\/t\/index.php?rest_route=%2Fwp%2Fv2%2Fcomments&post=17655"}],"version-history":[{"count":1,"href":"http:\/\/wgphoto.pl\/t\/index.php?rest_route=\/wp\/v2\/posts\/17655\/revisions"}],"predecessor-version":[{"id":17657,"href":"http:\/\/wgphoto.pl\/t\/index.php?rest_route=\/wp\/v2\/posts\/17655\/revisions\/17657"}],"wp:featuredmedia":[{"embeddable":true,"href":"http:\/\/wgphoto.pl\/t\/index.php?rest_route=\/wp\/v2\/media\/17656"}],"wp:attachment":[{"href":"http:\/\/wgphoto.pl\/t\/index.php?rest_route=%2Fwp%2Fv2%2Fmedia&parent=17655"}],"wp:term":[{"taxonomy":"category","embeddable":true,"href":"http:\/\/wgphoto.pl\/t\/index.php?rest_route=%2Fwp%2Fv2%2Fcategories&post=17655"},{"taxonomy":"post_tag","embeddable":true,"href":"http:\/\/wgphoto.pl\/t\/index.php?rest_route=%2Fwp%2Fv2%2Ftags&post=17655"}],"curies":[{"name":"wp","href":"https:\/\/api.w.org\/{rel}","templated":true}]}}