{"id":17658,"date":"2025-05-25T22:14:52","date_gmt":"2025-05-25T20:14:52","guid":{"rendered":"https:\/\/wgphoto.pl\/t\/?p=17658"},"modified":"2025-05-25T22:14:52","modified_gmt":"2025-05-25T20:14:52","slug":"tramwaj-pod-ksztaltem","status":"publish","type":"post","link":"http:\/\/wgphoto.pl\/t\/?p=17658","title":{"rendered":"Tramwaj pod kszta\u0142tem"},"content":{"rendered":"\n<figure class=\"wp-block-image aligncenter size-full\"><img loading=\"lazy\" decoding=\"async\" width=\"1300\" height=\"861\" src=\"https:\/\/wgphoto.pl\/t\/wp-content\/uploads\/2025\/05\/IMGP9157.jpg\" alt=\"\" class=\"wp-image-17659\" srcset=\"http:\/\/wgphoto.pl\/t\/wp-content\/uploads\/2025\/05\/IMGP9157.jpg 1300w, http:\/\/wgphoto.pl\/t\/wp-content\/uploads\/2025\/05\/IMGP9157-300x199.jpg 300w, http:\/\/wgphoto.pl\/t\/wp-content\/uploads\/2025\/05\/IMGP9157-768x509.jpg 768w\" sizes=\"auto, (max-width: 1300px) 100vw, 1300px\" \/><\/figure>\n\n\n\n<div class=\"wp-block-group has-global-padding is-layout-constrained wp-block-group-is-layout-constrained\">\n<p>Dwusystemowy tramwaj Duewag GT8-100D\/M-2S nr 872, jad\u0105cy jako linia S5 z Pforzheim do W\u00f6rth Badepark, odje\u017cd\u017ca ze stacji W\u00f6rth(Rhein), gdzie dni sygnalizacji kszta\u0142towej zosta\u0142y ju\u017c policzone. Jak wida\u0107, nowe semafory ju\u017c stoj\u0105, ale na razie a\u017c mi\u0142o popatrze\u0107 jak ramiona semafor\u00f3w mechanicznych machaj\u0105 co kilkana\u015bcie minut. [23.08.2022]<\/p>\n<\/div>\n","protected":false},"excerpt":{"rendered":"<p>Dwusystemowy tramwaj Duewag GT8-100D\/M-2S nr 872, jad\u0105cy jako linia S5 z Pforzheim do W\u00f6rth Badepark, odje\u017cd\u017ca ze stacji W\u00f6rth(Rhein), gdzie dni sygnalizacji kszta\u0142towej zosta\u0142y ju\u017c policzone. Jak wida\u0107, nowe semafory ju\u017c stoj\u0105, ale na razie a\u017c mi\u0142o popatrze\u0107 jak ramiona semafor\u00f3w mechanicznych machaj\u0105 co kilkana\u015bcie minut. [23.08.2022]<\/p>\n","protected":false},"author":1,"featured_media":17659,"comment_status":"open","ping_status":"","sticky":false,"template":"","format":"standard","meta":{"footnotes":""},"categories":[669,3],"tags":[3875,1282,2754,3874,23,3696,53,1153,3876],"class_list":["post-17658","post","type-post","status-publish","format-standard","has-post-thumbnail","hentry","category-rok-2022","category-tramwaj","tag-2022-08-23","tag-9-euro-ticket-2022","tag-avg-karlsruhe","tag-gt8-100","tag-niemcy","tag-stadtbahn-karlsruhe","tag-sygnalizacja-ksztaltowa","tag-tramwaj-regionalny","tag-worth"],"_links":{"self":[{"href":"http:\/\/wgphoto.pl\/t\/index.php?rest_route=\/wp\/v2\/posts\/17658","targetHints":{"allow":["GET"]}}],"collection":[{"href":"http:\/\/wgphoto.pl\/t\/index.php?rest_route=\/wp\/v2\/posts"}],"about":[{"href":"http:\/\/wgphoto.pl\/t\/index.php?rest_route=\/wp\/v2\/types\/post"}],"author":[{"embeddable":true,"href":"http:\/\/wgphoto.pl\/t\/index.php?rest_route=\/wp\/v2\/users\/1"}],"replies":[{"embeddable":true,"href":"http:\/\/wgphoto.pl\/t\/index.php?rest_route=%2Fwp%2Fv2%2Fcomments&post=17658"}],"version-history":[{"count":1,"href":"http:\/\/wgphoto.pl\/t\/index.php?rest_route=\/wp\/v2\/posts\/17658\/revisions"}],"predecessor-version":[{"id":17660,"href":"http:\/\/wgphoto.pl\/t\/index.php?rest_route=\/wp\/v2\/posts\/17658\/revisions\/17660"}],"wp:featuredmedia":[{"embeddable":true,"href":"http:\/\/wgphoto.pl\/t\/index.php?rest_route=\/wp\/v2\/media\/17659"}],"wp:attachment":[{"href":"http:\/\/wgphoto.pl\/t\/index.php?rest_route=%2Fwp%2Fv2%2Fmedia&parent=17658"}],"wp:term":[{"taxonomy":"category","embeddable":true,"href":"http:\/\/wgphoto.pl\/t\/index.php?rest_route=%2Fwp%2Fv2%2Fcategories&post=17658"},{"taxonomy":"post_tag","embeddable":true,"href":"http:\/\/wgphoto.pl\/t\/index.php?rest_route=%2Fwp%2Fv2%2Ftags&post=17658"}],"curies":[{"name":"wp","href":"https:\/\/api.w.org\/{rel}","templated":true}]}}