{"id":17712,"date":"2025-05-26T17:11:33","date_gmt":"2025-05-26T15:11:33","guid":{"rendered":"https:\/\/wgphoto.pl\/t\/?p=17712"},"modified":"2025-05-26T17:11:33","modified_gmt":"2025-05-26T15:11:33","slug":"kubelbachviadukt","status":"publish","type":"post","link":"http:\/\/wgphoto.pl\/t\/?p=17712","title":{"rendered":"K\u00fcbelbachviadukt"},"content":{"rendered":"\n<figure class=\"wp-block-image aligncenter size-full\"><img loading=\"lazy\" decoding=\"async\" width=\"1300\" height=\"861\" src=\"https:\/\/wgphoto.pl\/t\/wp-content\/uploads\/2025\/05\/IMGP8987.jpg\" alt=\"\" class=\"wp-image-17713\" srcset=\"http:\/\/wgphoto.pl\/t\/wp-content\/uploads\/2025\/05\/IMGP8987.jpg 1300w, http:\/\/wgphoto.pl\/t\/wp-content\/uploads\/2025\/05\/IMGP8987-300x199.jpg 300w, http:\/\/wgphoto.pl\/t\/wp-content\/uploads\/2025\/05\/IMGP8987-768x509.jpg 768w\" sizes=\"auto, (max-width: 1300px) 100vw, 1300px\" \/><\/figure>\n\n\n\n<div class=\"wp-block-group has-global-padding is-layout-constrained wp-block-group-is-layout-constrained\">\n<p>Tramwaj linii S8 jako poci\u0105g nr 85549 relacji Offenburg &#8211; Freudenstadt Hbf przeje\u017cd\u017ca przez K\u00fcbelbachviadukt na odcinku Dornstetten-Aach &#8211; Gr\u00fcntal-Wittlensweiler. We Freudenstadt mo\u017cna si\u0119 przesi\u0105\u015b\u0107 na kolejny tramwaj do Karlsruhe, kt\u00f3ry do celu dotrze po oko\u0142o dw\u00f3ch godzinach. To jedna z najd\u0142u\u017cszych tras obs\u0142ugiwanych przez miejscowy Stadtbahn. Wracaj\u0105c za\u015b do miejsca, w okolicy na przestrzeni 7 kilometr\u00f3w znajduj\u0105 si\u0119 cztery wiadukty podobnych rozmiar\u00f3w, co budzi skojarzenia z lini\u0105 K\u0142odzko &#8211; Wa\u0142brzych. [22.08.2022]<\/p>\n<\/div>\n","protected":false},"excerpt":{"rendered":"<p>Tramwaj linii S8 jako poci\u0105g nr 85549 relacji Offenburg &#8211; Freudenstadt Hbf przeje\u017cd\u017ca przez K\u00fcbelbachviadukt na odcinku Dornstetten-Aach &#8211; Gr\u00fcntal-Wittlensweiler. We Freudenstadt mo\u017cna si\u0119 przesi\u0105\u015b\u0107 na kolejny tramwaj do Karlsruhe, kt\u00f3ry do celu dotrze po oko\u0142o dw\u00f3ch godzinach. To jedna z najd\u0142u\u017cszych tras obs\u0142ugiwanych przez miejscowy Stadtbahn. Wracaj\u0105c za\u015b do miejsca, w okolicy na przestrzeni [&hellip;]<\/p>\n","protected":false},"author":1,"featured_media":17713,"comment_status":"open","ping_status":"","sticky":false,"template":"","format":"standard","meta":{"footnotes":""},"categories":[669,3],"tags":[1285,1282,2754,3891,3874,45,23,3696,1153],"class_list":["post-17712","post","type-post","status-publish","format-standard","has-post-thumbnail","hentry","category-rok-2022","category-tramwaj","tag-2022-08-22","tag-9-euro-ticket-2022","tag-avg-karlsruhe","tag-dornstetten-aach","tag-gt8-100","tag-most","tag-niemcy","tag-stadtbahn-karlsruhe","tag-tramwaj-regionalny"],"_links":{"self":[{"href":"http:\/\/wgphoto.pl\/t\/index.php?rest_route=\/wp\/v2\/posts\/17712","targetHints":{"allow":["GET"]}}],"collection":[{"href":"http:\/\/wgphoto.pl\/t\/index.php?rest_route=\/wp\/v2\/posts"}],"about":[{"href":"http:\/\/wgphoto.pl\/t\/index.php?rest_route=\/wp\/v2\/types\/post"}],"author":[{"embeddable":true,"href":"http:\/\/wgphoto.pl\/t\/index.php?rest_route=\/wp\/v2\/users\/1"}],"replies":[{"embeddable":true,"href":"http:\/\/wgphoto.pl\/t\/index.php?rest_route=%2Fwp%2Fv2%2Fcomments&post=17712"}],"version-history":[{"count":1,"href":"http:\/\/wgphoto.pl\/t\/index.php?rest_route=\/wp\/v2\/posts\/17712\/revisions"}],"predecessor-version":[{"id":17714,"href":"http:\/\/wgphoto.pl\/t\/index.php?rest_route=\/wp\/v2\/posts\/17712\/revisions\/17714"}],"wp:featuredmedia":[{"embeddable":true,"href":"http:\/\/wgphoto.pl\/t\/index.php?rest_route=\/wp\/v2\/media\/17713"}],"wp:attachment":[{"href":"http:\/\/wgphoto.pl\/t\/index.php?rest_route=%2Fwp%2Fv2%2Fmedia&parent=17712"}],"wp:term":[{"taxonomy":"category","embeddable":true,"href":"http:\/\/wgphoto.pl\/t\/index.php?rest_route=%2Fwp%2Fv2%2Fcategories&post=17712"},{"taxonomy":"post_tag","embeddable":true,"href":"http:\/\/wgphoto.pl\/t\/index.php?rest_route=%2Fwp%2Fv2%2Ftags&post=17712"}],"curies":[{"name":"wp","href":"https:\/\/api.w.org\/{rel}","templated":true}]}}