{"id":1773,"date":"2024-10-06T20:38:45","date_gmt":"2024-10-06T18:38:45","guid":{"rendered":"https:\/\/wgphoto.pl\/t\/?p=1773"},"modified":"2024-10-06T20:38:45","modified_gmt":"2024-10-06T18:38:45","slug":"skody-na-wygnaniu","status":"publish","type":"post","link":"http:\/\/wgphoto.pl\/t\/?p=1773","title":{"rendered":"\u0160kody na wygnaniu"},"content":{"rendered":"\n<figure class=\"wp-block-image aligncenter size-full\"><img loading=\"lazy\" decoding=\"async\" width=\"700\" height=\"1057\" src=\"https:\/\/wgphoto.pl\/t\/wp-content\/uploads\/2024\/10\/IMGP7409.jpg\" alt=\"\" class=\"wp-image-1774\" srcset=\"http:\/\/wgphoto.pl\/t\/wp-content\/uploads\/2024\/10\/IMGP7409.jpg 700w, http:\/\/wgphoto.pl\/t\/wp-content\/uploads\/2024\/10\/IMGP7409-199x300.jpg 199w\" sizes=\"auto, (max-width: 700px) 100vw, 700px\" \/><\/figure>\n\n\n\n<div class=\"wp-block-group has-global-padding is-layout-constrained wp-block-group-is-layout-constrained\">\n<p>Sel\u00e7uklu (prowincja Konya), Yeni \u0130stanbul Caddesi. Sk\u0142ad czeskich wagon\u00f3w odjecha\u0142 z ostatniego przystanku przed kampusem uniwersyteckim, na terenie kt\u00f3rego stoi widoczny w tle meczet. 07.10.2016<\/p>\n<\/div>\n","protected":false},"excerpt":{"rendered":"<p>Sel\u00e7uklu (prowincja Konya), Yeni \u0130stanbul Caddesi. Sk\u0142ad czeskich wagon\u00f3w odjecha\u0142 z ostatniego przystanku przed kampusem uniwersyteckim, na terenie kt\u00f3rego stoi widoczny w tle meczet. 07.10.2016<\/p>\n","protected":false},"author":1,"featured_media":1774,"comment_status":"open","ping_status":"","sticky":false,"template":"","format":"standard","meta":{"footnotes":""},"categories":[128,125,3],"tags":[929,494,928,113,143,930,927,931],"class_list":["post-1773","post","type-post","status-publish","format-standard","has-post-thumbnail","hentry","category-pionowe","category-rok-2016","category-tramwaj","tag-2016-10-07","tag-flaga","tag-konya","tag-landszaft","tag-ponad-30m","tag-skoda-28t","tag-turcja","tag-turcja-2016"],"_links":{"self":[{"href":"http:\/\/wgphoto.pl\/t\/index.php?rest_route=\/wp\/v2\/posts\/1773","targetHints":{"allow":["GET"]}}],"collection":[{"href":"http:\/\/wgphoto.pl\/t\/index.php?rest_route=\/wp\/v2\/posts"}],"about":[{"href":"http:\/\/wgphoto.pl\/t\/index.php?rest_route=\/wp\/v2\/types\/post"}],"author":[{"embeddable":true,"href":"http:\/\/wgphoto.pl\/t\/index.php?rest_route=\/wp\/v2\/users\/1"}],"replies":[{"embeddable":true,"href":"http:\/\/wgphoto.pl\/t\/index.php?rest_route=%2Fwp%2Fv2%2Fcomments&post=1773"}],"version-history":[{"count":1,"href":"http:\/\/wgphoto.pl\/t\/index.php?rest_route=\/wp\/v2\/posts\/1773\/revisions"}],"predecessor-version":[{"id":1775,"href":"http:\/\/wgphoto.pl\/t\/index.php?rest_route=\/wp\/v2\/posts\/1773\/revisions\/1775"}],"wp:featuredmedia":[{"embeddable":true,"href":"http:\/\/wgphoto.pl\/t\/index.php?rest_route=\/wp\/v2\/media\/1774"}],"wp:attachment":[{"href":"http:\/\/wgphoto.pl\/t\/index.php?rest_route=%2Fwp%2Fv2%2Fmedia&parent=1773"}],"wp:term":[{"taxonomy":"category","embeddable":true,"href":"http:\/\/wgphoto.pl\/t\/index.php?rest_route=%2Fwp%2Fv2%2Fcategories&post=1773"},{"taxonomy":"post_tag","embeddable":true,"href":"http:\/\/wgphoto.pl\/t\/index.php?rest_route=%2Fwp%2Fv2%2Ftags&post=1773"}],"curies":[{"name":"wp","href":"https:\/\/api.w.org\/{rel}","templated":true}]}}