{"id":17752,"date":"2025-05-26T17:32:41","date_gmt":"2025-05-26T15:32:41","guid":{"rendered":"https:\/\/wgphoto.pl\/t\/?p=17752"},"modified":"2025-05-26T17:32:41","modified_gmt":"2025-05-26T15:32:41","slug":"zielony-na-zielonej","status":"publish","type":"post","link":"http:\/\/wgphoto.pl\/t\/?p=17752","title":{"rendered":"Zielony na Zielonej"},"content":{"rendered":"\n<figure class=\"wp-block-image aligncenter size-full\"><img loading=\"lazy\" decoding=\"async\" width=\"1300\" height=\"861\" src=\"https:\/\/wgphoto.pl\/t\/wp-content\/uploads\/2025\/05\/IMGP3774-1.jpg\" alt=\"\" class=\"wp-image-17753\" srcset=\"http:\/\/wgphoto.pl\/t\/wp-content\/uploads\/2025\/05\/IMGP3774-1.jpg 1300w, http:\/\/wgphoto.pl\/t\/wp-content\/uploads\/2025\/05\/IMGP3774-1-300x199.jpg 300w, http:\/\/wgphoto.pl\/t\/wp-content\/uploads\/2025\/05\/IMGP3774-1-768x509.jpg 768w\" sizes=\"auto, (max-width: 1300px) 100vw, 1300px\" \/><\/figure>\n\n\n\n<div class=\"wp-block-group has-global-padding is-layout-constrained wp-block-group-is-layout-constrained\">\n<p>\u0141\u00f3d\u017a, ul. Zielona, GT8NF 1519 (ex Helsinki, a jeszcze dawniej Mannheim). [02.05.2019]<\/p>\n<\/div>\n","protected":false},"excerpt":{"rendered":"<p>\u0141\u00f3d\u017a, ul. Zielona, GT8NF 1519 (ex Helsinki, a jeszcze dawniej Mannheim). [02.05.2019]<\/p>\n","protected":false},"author":1,"featured_media":17753,"comment_status":"open","ping_status":"","sticky":false,"template":"","format":"standard","meta":{"footnotes":""},"categories":[136,3],"tags":[1162,34,238,773,776,27],"class_list":["post-17752","post","type-post","status-publish","format-standard","has-post-thumbnail","hentry","category-rok-2019","category-tramwaj","tag-2019-05-02","tag-architektura","tag-gt8","tag-lodz","tag-mpk-lodz","tag-polska"],"_links":{"self":[{"href":"http:\/\/wgphoto.pl\/t\/index.php?rest_route=\/wp\/v2\/posts\/17752","targetHints":{"allow":["GET"]}}],"collection":[{"href":"http:\/\/wgphoto.pl\/t\/index.php?rest_route=\/wp\/v2\/posts"}],"about":[{"href":"http:\/\/wgphoto.pl\/t\/index.php?rest_route=\/wp\/v2\/types\/post"}],"author":[{"embeddable":true,"href":"http:\/\/wgphoto.pl\/t\/index.php?rest_route=\/wp\/v2\/users\/1"}],"replies":[{"embeddable":true,"href":"http:\/\/wgphoto.pl\/t\/index.php?rest_route=%2Fwp%2Fv2%2Fcomments&post=17752"}],"version-history":[{"count":1,"href":"http:\/\/wgphoto.pl\/t\/index.php?rest_route=\/wp\/v2\/posts\/17752\/revisions"}],"predecessor-version":[{"id":17754,"href":"http:\/\/wgphoto.pl\/t\/index.php?rest_route=\/wp\/v2\/posts\/17752\/revisions\/17754"}],"wp:featuredmedia":[{"embeddable":true,"href":"http:\/\/wgphoto.pl\/t\/index.php?rest_route=\/wp\/v2\/media\/17753"}],"wp:attachment":[{"href":"http:\/\/wgphoto.pl\/t\/index.php?rest_route=%2Fwp%2Fv2%2Fmedia&parent=17752"}],"wp:term":[{"taxonomy":"category","embeddable":true,"href":"http:\/\/wgphoto.pl\/t\/index.php?rest_route=%2Fwp%2Fv2%2Fcategories&post=17752"},{"taxonomy":"post_tag","embeddable":true,"href":"http:\/\/wgphoto.pl\/t\/index.php?rest_route=%2Fwp%2Fv2%2Ftags&post=17752"}],"curies":[{"name":"wp","href":"https:\/\/api.w.org\/{rel}","templated":true}]}}