{"id":1776,"date":"2024-10-06T20:40:25","date_gmt":"2024-10-06T18:40:25","guid":{"rendered":"https:\/\/wgphoto.pl\/t\/?p=1776"},"modified":"2024-10-06T20:40:25","modified_gmt":"2024-10-06T18:40:25","slug":"tak-powstaja-historyczne-zdjecia","status":"publish","type":"post","link":"http:\/\/wgphoto.pl\/t\/?p=1776","title":{"rendered":"Tak powstaj\u0105 historyczne zdj\u0119cia"},"content":{"rendered":"\n<figure class=\"wp-block-image aligncenter size-full\"><img loading=\"lazy\" decoding=\"async\" width=\"750\" height=\"1000\" src=\"https:\/\/wgphoto.pl\/t\/wp-content\/uploads\/2024\/10\/0230-32.jpg\" alt=\"\" class=\"wp-image-1778\" srcset=\"http:\/\/wgphoto.pl\/t\/wp-content\/uploads\/2024\/10\/0230-32.jpg 750w, http:\/\/wgphoto.pl\/t\/wp-content\/uploads\/2024\/10\/0230-32-225x300.jpg 225w\" sizes=\"auto, (max-width: 750px) 100vw, 750px\" \/><\/figure>\n\n\n\n<div class=\"wp-block-group has-global-padding is-layout-constrained wp-block-group-is-layout-constrained\">\n<p>Krak\u00f3w, p\u0119tla Walcownia. Ex-norymberski sk\u0142ad T4+B4 #116+516 w jednym z ostatnich dni pojazd\u00f3w tego typu w ruchu liniowym za chwil\u0119 odjedzie w kierunku Mistrzejowic. Foto mo\u017ce nie jest porywaj\u0105ce, ale jest jednym z tych, kt\u00f3re szybko sta\u0142y si\u0119 histori\u0105, a droga do jego powstania nie by\u0142a taka oczywista. Nie planowa\u0142em bowiem, \u017ce ojciec tego (feryjnego dla mnie) dnia zabierze mnie do pracy za Krak\u00f3w oraz \u017ce w drodze powrotnej uda mi si\u0119 go przekona\u0107 \u017ceby zajecha\u0107 na ten koniec \u015bwiata. A sk\u0105d wiedzia\u0142em, \u017ce sk\u0142ady T4+B4 je\u017cd\u017c\u0105 akurat na 16? Pewnie z raczkuj\u0105cego internetu. \ud83d\ude09 23.12.2002<\/p>\n<\/div>\n","protected":false},"excerpt":{"rendered":"<p>Krak\u00f3w, p\u0119tla Walcownia. Ex-norymberski sk\u0142ad T4+B4 #116+516 w jednym z ostatnich dni pojazd\u00f3w tego typu w ruchu liniowym za chwil\u0119 odjedzie w kierunku Mistrzejowic. Foto mo\u017ce nie jest porywaj\u0105ce, ale jest jednym z tych, kt\u00f3re szybko sta\u0142y si\u0119 histori\u0105, a droga do jego powstania nie by\u0142a taka oczywista. Nie planowa\u0142em bowiem, \u017ce ojciec tego (feryjnego [&hellip;]<\/p>\n","protected":false},"author":1,"featured_media":1778,"comment_status":"open","ping_status":"","sticky":false,"template":"","format":"standard","meta":{"footnotes":""},"categories":[62,128,577,3],"tags":[848,664,663,27,44],"class_list":["post-1776","post","type-post","status-publish","format-standard","has-post-thumbnail","hentry","category-analog","category-pionowe","category-rok-2002","category-tramwaj","tag-2002-12-23","tag-krakow","tag-mpk-krakow","tag-polska","tag-snieg"],"_links":{"self":[{"href":"http:\/\/wgphoto.pl\/t\/index.php?rest_route=\/wp\/v2\/posts\/1776","targetHints":{"allow":["GET"]}}],"collection":[{"href":"http:\/\/wgphoto.pl\/t\/index.php?rest_route=\/wp\/v2\/posts"}],"about":[{"href":"http:\/\/wgphoto.pl\/t\/index.php?rest_route=\/wp\/v2\/types\/post"}],"author":[{"embeddable":true,"href":"http:\/\/wgphoto.pl\/t\/index.php?rest_route=\/wp\/v2\/users\/1"}],"replies":[{"embeddable":true,"href":"http:\/\/wgphoto.pl\/t\/index.php?rest_route=%2Fwp%2Fv2%2Fcomments&post=1776"}],"version-history":[{"count":1,"href":"http:\/\/wgphoto.pl\/t\/index.php?rest_route=\/wp\/v2\/posts\/1776\/revisions"}],"predecessor-version":[{"id":1779,"href":"http:\/\/wgphoto.pl\/t\/index.php?rest_route=\/wp\/v2\/posts\/1776\/revisions\/1779"}],"wp:featuredmedia":[{"embeddable":true,"href":"http:\/\/wgphoto.pl\/t\/index.php?rest_route=\/wp\/v2\/media\/1778"}],"wp:attachment":[{"href":"http:\/\/wgphoto.pl\/t\/index.php?rest_route=%2Fwp%2Fv2%2Fmedia&parent=1776"}],"wp:term":[{"taxonomy":"category","embeddable":true,"href":"http:\/\/wgphoto.pl\/t\/index.php?rest_route=%2Fwp%2Fv2%2Fcategories&post=1776"},{"taxonomy":"post_tag","embeddable":true,"href":"http:\/\/wgphoto.pl\/t\/index.php?rest_route=%2Fwp%2Fv2%2Ftags&post=1776"}],"curies":[{"name":"wp","href":"https:\/\/api.w.org\/{rel}","templated":true}]}}