{"id":17761,"date":"2025-05-26T17:35:23","date_gmt":"2025-05-26T15:35:23","guid":{"rendered":"https:\/\/wgphoto.pl\/t\/?p=17761"},"modified":"2025-05-26T17:35:23","modified_gmt":"2025-05-26T15:35:23","slug":"zmierzch-poznanskich-stodwojek","status":"publish","type":"post","link":"http:\/\/wgphoto.pl\/t\/?p=17761","title":{"rendered":"Zmierzch pozna\u0144skich stodw\u00f3jek"},"content":{"rendered":"\n<figure class=\"wp-block-image aligncenter size-full\"><img loading=\"lazy\" decoding=\"async\" width=\"1300\" height=\"862\" src=\"https:\/\/wgphoto.pl\/t\/wp-content\/uploads\/2025\/05\/2001x-07a.jpg\" alt=\"\" class=\"wp-image-17762\" srcset=\"http:\/\/wgphoto.pl\/t\/wp-content\/uploads\/2025\/05\/2001x-07a.jpg 1300w, http:\/\/wgphoto.pl\/t\/wp-content\/uploads\/2025\/05\/2001x-07a-300x199.jpg 300w, http:\/\/wgphoto.pl\/t\/wp-content\/uploads\/2025\/05\/2001x-07a-768x509.jpg 768w\" sizes=\"auto, (max-width: 1300px) 100vw, 1300px\" \/><\/figure>\n\n\n\n<div class=\"wp-block-group has-global-padding is-layout-constrained wp-block-group-is-layout-constrained\">\n<p>Pozna\u0144, zajezdnia Forteczna. Na placu dostrzec mo\u017cna wagony 102Na 65, za nim 46, z prawej nauk\u0119 jazdy nr 2000, a po lewej w tle kanciaka 102N nr 1. [15.12.2001]<\/p>\n<\/div>\n","protected":false},"excerpt":{"rendered":"<p>Pozna\u0144, zajezdnia Forteczna. Na placu dostrzec mo\u017cna wagony 102Na 65, za nim 46, z prawej nauk\u0119 jazdy nr 2000, a po lewej w tle kanciaka 102N nr 1. [15.12.2001]<\/p>\n","protected":false},"author":1,"featured_media":17762,"comment_status":"open","ping_status":"","sticky":false,"template":"","format":"standard","meta":{"footnotes":""},"categories":[62,940,3],"tags":[2684,309,236,27,235,138],"class_list":["post-17761","post","type-post","status-publish","format-standard","has-post-thumbnail","hentry","category-analog","category-rok-2001","category-tramwaj","tag-2001-12-15","tag-konstal-102na","tag-mpk-poznan","tag-polska","tag-poznan","tag-zajezdnia"],"_links":{"self":[{"href":"http:\/\/wgphoto.pl\/t\/index.php?rest_route=\/wp\/v2\/posts\/17761","targetHints":{"allow":["GET"]}}],"collection":[{"href":"http:\/\/wgphoto.pl\/t\/index.php?rest_route=\/wp\/v2\/posts"}],"about":[{"href":"http:\/\/wgphoto.pl\/t\/index.php?rest_route=\/wp\/v2\/types\/post"}],"author":[{"embeddable":true,"href":"http:\/\/wgphoto.pl\/t\/index.php?rest_route=\/wp\/v2\/users\/1"}],"replies":[{"embeddable":true,"href":"http:\/\/wgphoto.pl\/t\/index.php?rest_route=%2Fwp%2Fv2%2Fcomments&post=17761"}],"version-history":[{"count":1,"href":"http:\/\/wgphoto.pl\/t\/index.php?rest_route=\/wp\/v2\/posts\/17761\/revisions"}],"predecessor-version":[{"id":17763,"href":"http:\/\/wgphoto.pl\/t\/index.php?rest_route=\/wp\/v2\/posts\/17761\/revisions\/17763"}],"wp:featuredmedia":[{"embeddable":true,"href":"http:\/\/wgphoto.pl\/t\/index.php?rest_route=\/wp\/v2\/media\/17762"}],"wp:attachment":[{"href":"http:\/\/wgphoto.pl\/t\/index.php?rest_route=%2Fwp%2Fv2%2Fmedia&parent=17761"}],"wp:term":[{"taxonomy":"category","embeddable":true,"href":"http:\/\/wgphoto.pl\/t\/index.php?rest_route=%2Fwp%2Fv2%2Fcategories&post=17761"},{"taxonomy":"post_tag","embeddable":true,"href":"http:\/\/wgphoto.pl\/t\/index.php?rest_route=%2Fwp%2Fv2%2Ftags&post=17761"}],"curies":[{"name":"wp","href":"https:\/\/api.w.org\/{rel}","templated":true}]}}