{"id":17770,"date":"2025-05-26T17:38:03","date_gmt":"2025-05-26T15:38:03","guid":{"rendered":"https:\/\/wgphoto.pl\/t\/?p=17770"},"modified":"2025-05-26T17:38:03","modified_gmt":"2025-05-26T15:38:03","slug":"poranne-wc","status":"publish","type":"post","link":"http:\/\/wgphoto.pl\/t\/?p=17770","title":{"rendered":"Poranne Wc"},"content":{"rendered":"\n<figure class=\"wp-block-image aligncenter size-full\"><img loading=\"lazy\" decoding=\"async\" width=\"1300\" height=\"862\" src=\"https:\/\/wgphoto.pl\/t\/wp-content\/uploads\/2025\/05\/0413-26.jpg\" alt=\"\" class=\"wp-image-17771\" srcset=\"http:\/\/wgphoto.pl\/t\/wp-content\/uploads\/2025\/05\/0413-26.jpg 1300w, http:\/\/wgphoto.pl\/t\/wp-content\/uploads\/2025\/05\/0413-26-300x199.jpg 300w, http:\/\/wgphoto.pl\/t\/wp-content\/uploads\/2025\/05\/0413-26-768x509.jpg 768w\" sizes=\"auto, (max-width: 1300px) 100vw, 1300px\" \/><\/figure>\n\n\n\n<div class=\"wp-block-group has-global-padding is-layout-constrained wp-block-group-is-layout-constrained\">\n<p>SM42-044 z CM Gdynia ko\u0144czy w Wierzchucinie bieg z poci\u0105giem osobowym 90040 z Ko\u015bcierzyny, wed\u0142ug dworcowego zegara o godz. 5:13. [20.07.2004]<\/p>\n<\/div>\n","protected":false},"excerpt":{"rendered":"<p>SM42-044 z CM Gdynia ko\u0144czy w Wierzchucinie bieg z poci\u0105giem osobowym 90040 z Ko\u015bcierzyny, wed\u0142ug dworcowego zegara o godz. 5:13. [20.07.2004]<\/p>\n","protected":false},"author":1,"featured_media":17771,"comment_status":"open","ping_status":"","sticky":false,"template":"","format":"standard","meta":{"footnotes":""},"categories":[62,2,61],"tags":[3896,63,27,176,473,152,1774],"class_list":["post-17770","post","type-post","status-publish","format-standard","has-post-thumbnail","hentry","category-analog","category-kolej","category-rok-2004","tag-2004-07-20","tag-pkp","tag-polska","tag-rano","tag-sm42","tag-tab-pl440","tag-wierzchucin"],"_links":{"self":[{"href":"http:\/\/wgphoto.pl\/t\/index.php?rest_route=\/wp\/v2\/posts\/17770","targetHints":{"allow":["GET"]}}],"collection":[{"href":"http:\/\/wgphoto.pl\/t\/index.php?rest_route=\/wp\/v2\/posts"}],"about":[{"href":"http:\/\/wgphoto.pl\/t\/index.php?rest_route=\/wp\/v2\/types\/post"}],"author":[{"embeddable":true,"href":"http:\/\/wgphoto.pl\/t\/index.php?rest_route=\/wp\/v2\/users\/1"}],"replies":[{"embeddable":true,"href":"http:\/\/wgphoto.pl\/t\/index.php?rest_route=%2Fwp%2Fv2%2Fcomments&post=17770"}],"version-history":[{"count":1,"href":"http:\/\/wgphoto.pl\/t\/index.php?rest_route=\/wp\/v2\/posts\/17770\/revisions"}],"predecessor-version":[{"id":17772,"href":"http:\/\/wgphoto.pl\/t\/index.php?rest_route=\/wp\/v2\/posts\/17770\/revisions\/17772"}],"wp:featuredmedia":[{"embeddable":true,"href":"http:\/\/wgphoto.pl\/t\/index.php?rest_route=\/wp\/v2\/media\/17771"}],"wp:attachment":[{"href":"http:\/\/wgphoto.pl\/t\/index.php?rest_route=%2Fwp%2Fv2%2Fmedia&parent=17770"}],"wp:term":[{"taxonomy":"category","embeddable":true,"href":"http:\/\/wgphoto.pl\/t\/index.php?rest_route=%2Fwp%2Fv2%2Fcategories&post=17770"},{"taxonomy":"post_tag","embeddable":true,"href":"http:\/\/wgphoto.pl\/t\/index.php?rest_route=%2Fwp%2Fv2%2Ftags&post=17770"}],"curies":[{"name":"wp","href":"https:\/\/api.w.org\/{rel}","templated":true}]}}