{"id":17892,"date":"2025-05-29T18:29:55","date_gmt":"2025-05-29T16:29:55","guid":{"rendered":"https:\/\/wgphoto.pl\/t\/?p=17892"},"modified":"2025-05-29T18:29:55","modified_gmt":"2025-05-29T16:29:55","slug":"gdansk-srodmiescie-2","status":"publish","type":"post","link":"http:\/\/wgphoto.pl\/t\/?p=17892","title":{"rendered":"Gda\u0144sk \u015ar\u00f3dmie\u015bcie"},"content":{"rendered":"\n<figure class=\"wp-block-image aligncenter size-full\"><img loading=\"lazy\" decoding=\"async\" width=\"1300\" height=\"813\" src=\"https:\/\/wgphoto.pl\/t\/wp-content\/uploads\/2025\/05\/0302-36A.jpg\" alt=\"\" class=\"wp-image-17893\" srcset=\"http:\/\/wgphoto.pl\/t\/wp-content\/uploads\/2025\/05\/0302-36A.jpg 1300w, http:\/\/wgphoto.pl\/t\/wp-content\/uploads\/2025\/05\/0302-36A-300x188.jpg 300w, http:\/\/wgphoto.pl\/t\/wp-content\/uploads\/2025\/05\/0302-36A-768x480.jpg 768w\" sizes=\"auto, (max-width: 1300px) 100vw, 1300px\" \/><\/figure>\n\n\n\n<div class=\"wp-block-group has-global-padding is-layout-constrained wp-block-group-is-layout-constrained\">\n<p>EN57-659+756 z ZPR Bydgoszcz jako poci\u0105g osobowy 20225 relacji Bydgoszcz G\u0142\u00f3wna &#8211; Gdynia Chylonia zbli\u017ca si\u0119 do Gda\u0144ska G\u0142\u00f3wnego mijaj\u0105c miejsce, w kt\u00f3rym dzi\u015b znajduje si\u0119 ko\u0144cowa stacja SKM Gda\u0144sk \u015ar\u00f3dmie\u015bcie. 06.02.2003<\/p>\n<\/div>\n","protected":false},"excerpt":{"rendered":"<p>EN57-659+756 z ZPR Bydgoszcz jako poci\u0105g osobowy 20225 relacji Bydgoszcz G\u0142\u00f3wna &#8211; Gdynia Chylonia zbli\u017ca si\u0119 do Gda\u0144ska G\u0142\u00f3wnego mijaj\u0105c miejsce, w kt\u00f3rym dzi\u015b znajduje si\u0119 ko\u0144cowa stacja SKM Gda\u0144sk \u015ar\u00f3dmie\u015bcie. 06.02.2003<\/p>\n","protected":false},"author":1,"featured_media":17893,"comment_status":"open","ping_status":"","sticky":false,"template":"","format":"standard","meta":{"footnotes":""},"categories":[62,2,149],"tags":[153,132,907,908,2790,173,63,27,44,611],"class_list":["post-17892","post","type-post","status-publish","format-standard","has-post-thumbnail","hentry","category-analog","category-kolej","category-rok-2003","tag-2003-02-06","tag-en57","tag-gdansk","tag-gdansk-glowny","tag-gdansk-poludniowy","tag-koncowki","tag-pkp","tag-polska","tag-snieg","tag-tab-pl452"],"_links":{"self":[{"href":"http:\/\/wgphoto.pl\/t\/index.php?rest_route=\/wp\/v2\/posts\/17892","targetHints":{"allow":["GET"]}}],"collection":[{"href":"http:\/\/wgphoto.pl\/t\/index.php?rest_route=\/wp\/v2\/posts"}],"about":[{"href":"http:\/\/wgphoto.pl\/t\/index.php?rest_route=\/wp\/v2\/types\/post"}],"author":[{"embeddable":true,"href":"http:\/\/wgphoto.pl\/t\/index.php?rest_route=\/wp\/v2\/users\/1"}],"replies":[{"embeddable":true,"href":"http:\/\/wgphoto.pl\/t\/index.php?rest_route=%2Fwp%2Fv2%2Fcomments&post=17892"}],"version-history":[{"count":1,"href":"http:\/\/wgphoto.pl\/t\/index.php?rest_route=\/wp\/v2\/posts\/17892\/revisions"}],"predecessor-version":[{"id":17894,"href":"http:\/\/wgphoto.pl\/t\/index.php?rest_route=\/wp\/v2\/posts\/17892\/revisions\/17894"}],"wp:featuredmedia":[{"embeddable":true,"href":"http:\/\/wgphoto.pl\/t\/index.php?rest_route=\/wp\/v2\/media\/17893"}],"wp:attachment":[{"href":"http:\/\/wgphoto.pl\/t\/index.php?rest_route=%2Fwp%2Fv2%2Fmedia&parent=17892"}],"wp:term":[{"taxonomy":"category","embeddable":true,"href":"http:\/\/wgphoto.pl\/t\/index.php?rest_route=%2Fwp%2Fv2%2Fcategories&post=17892"},{"taxonomy":"post_tag","embeddable":true,"href":"http:\/\/wgphoto.pl\/t\/index.php?rest_route=%2Fwp%2Fv2%2Ftags&post=17892"}],"curies":[{"name":"wp","href":"https:\/\/api.w.org\/{rel}","templated":true}]}}