{"id":17895,"date":"2025-05-29T18:30:44","date_gmt":"2025-05-29T16:30:44","guid":{"rendered":"https:\/\/wgphoto.pl\/t\/?p=17895"},"modified":"2025-05-29T18:30:44","modified_gmt":"2025-05-29T16:30:44","slug":"austriacki-tramwaj-pod-wegierskim-dworcem","status":"publish","type":"post","link":"http:\/\/wgphoto.pl\/t\/?p=17895","title":{"rendered":"Austriacki tramwaj pod w\u0119gierskim dworcem"},"content":{"rendered":"\n<figure class=\"wp-block-image aligncenter size-full\"><img loading=\"lazy\" decoding=\"async\" width=\"1300\" height=\"861\" src=\"https:\/\/wgphoto.pl\/t\/wp-content\/uploads\/2025\/05\/IMGP5715.jpg\" alt=\"\" class=\"wp-image-17896\" srcset=\"http:\/\/wgphoto.pl\/t\/wp-content\/uploads\/2025\/05\/IMGP5715.jpg 1300w, http:\/\/wgphoto.pl\/t\/wp-content\/uploads\/2025\/05\/IMGP5715-300x199.jpg 300w, http:\/\/wgphoto.pl\/t\/wp-content\/uploads\/2025\/05\/IMGP5715-768x509.jpg 768w\" sizes=\"auto, (max-width: 1300px) 100vw, 1300px\" \/><\/figure>\n\n\n\n<div class=\"wp-block-group has-global-padding is-layout-constrained wp-block-group-is-layout-constrained\">\n<p>Miszkolc, p\u0119tla Tiszai p\u00e1lyaudvar pod g\u0142\u00f3wnym dworcem kolejowym. Ex-wiede\u0144ski tramwaj E<sub>1<\/sub> 197 oczekuje pory odjazdu. 2014-06-19<\/p>\n<\/div>\n","protected":false},"excerpt":{"rendered":"<p>Miszkolc, p\u0119tla Tiszai p\u00e1lyaudvar pod g\u0142\u00f3wnym dworcem kolejowym. Ex-wiede\u0144ski tramwaj E1 197 oczekuje pory odjazdu. 2014-06-19<\/p>\n","protected":false},"author":1,"featured_media":17896,"comment_status":"open","ping_status":"","sticky":false,"template":"","format":"standard","meta":{"footnotes":""},"categories":[48,3],"tags":[1007,102,101,1008,1006,380,105],"class_list":["post-17895","post","type-post","status-publish","format-standard","has-post-thumbnail","hentry","category-rok-2014","category-tramwaj","tag-2014-06-19","tag-e1","tag-gt6","tag-miszkolc","tag-mvk-miskolc","tag-spod-dworca","tag-wegry"],"_links":{"self":[{"href":"http:\/\/wgphoto.pl\/t\/index.php?rest_route=\/wp\/v2\/posts\/17895","targetHints":{"allow":["GET"]}}],"collection":[{"href":"http:\/\/wgphoto.pl\/t\/index.php?rest_route=\/wp\/v2\/posts"}],"about":[{"href":"http:\/\/wgphoto.pl\/t\/index.php?rest_route=\/wp\/v2\/types\/post"}],"author":[{"embeddable":true,"href":"http:\/\/wgphoto.pl\/t\/index.php?rest_route=\/wp\/v2\/users\/1"}],"replies":[{"embeddable":true,"href":"http:\/\/wgphoto.pl\/t\/index.php?rest_route=%2Fwp%2Fv2%2Fcomments&post=17895"}],"version-history":[{"count":1,"href":"http:\/\/wgphoto.pl\/t\/index.php?rest_route=\/wp\/v2\/posts\/17895\/revisions"}],"predecessor-version":[{"id":17897,"href":"http:\/\/wgphoto.pl\/t\/index.php?rest_route=\/wp\/v2\/posts\/17895\/revisions\/17897"}],"wp:featuredmedia":[{"embeddable":true,"href":"http:\/\/wgphoto.pl\/t\/index.php?rest_route=\/wp\/v2\/media\/17896"}],"wp:attachment":[{"href":"http:\/\/wgphoto.pl\/t\/index.php?rest_route=%2Fwp%2Fv2%2Fmedia&parent=17895"}],"wp:term":[{"taxonomy":"category","embeddable":true,"href":"http:\/\/wgphoto.pl\/t\/index.php?rest_route=%2Fwp%2Fv2%2Fcategories&post=17895"},{"taxonomy":"post_tag","embeddable":true,"href":"http:\/\/wgphoto.pl\/t\/index.php?rest_route=%2Fwp%2Fv2%2Ftags&post=17895"}],"curies":[{"name":"wp","href":"https:\/\/api.w.org\/{rel}","templated":true}]}}