{"id":18014,"date":"2025-06-01T21:29:32","date_gmt":"2025-06-01T19:29:32","guid":{"rendered":"https:\/\/wgphoto.pl\/t\/?p=18014"},"modified":"2025-06-01T21:29:32","modified_gmt":"2025-06-01T19:29:32","slug":"blumental-a-d-2019","status":"publish","type":"post","link":"http:\/\/wgphoto.pl\/t\/?p=18014","title":{"rendered":"Blument\u00e1l A.D. 2019"},"content":{"rendered":"\n<figure class=\"wp-block-image aligncenter size-full\"><img loading=\"lazy\" decoding=\"async\" width=\"662\" height=\"1000\" src=\"https:\/\/wgphoto.pl\/t\/wp-content\/uploads\/2025\/06\/IMGP4251-1.jpg\" alt=\"\" class=\"wp-image-18015\" srcset=\"http:\/\/wgphoto.pl\/t\/wp-content\/uploads\/2025\/06\/IMGP4251-1.jpg 662w, http:\/\/wgphoto.pl\/t\/wp-content\/uploads\/2025\/06\/IMGP4251-1-199x300.jpg 199w\" sizes=\"auto, (max-width: 662px) 100vw, 662px\" \/><\/figure>\n\n\n\n<div class=\"wp-block-group has-global-padding is-layout-constrained wp-block-group-is-layout-constrained\">\n<p>Bratys\u0142awa, Radlinsk\u00e9ho ul., sk\u0142ad T3G 7843+7844. W tle stoi okaza\u0142y ko\u015bci\u00f3\u0142 pw. Wniebowzi\u0119cia NMP, zwany r\u00f3wnie\u017c ko\u015bcio\u0142em Blument\u00e1lskym, od dawnej nazwy dzielnicy Kvetna dolina, w j\u0119zyku niemieckim Blumenthal. 23.06.2019<\/p>\n<\/div>\n","protected":false},"excerpt":{"rendered":"<p>Bratys\u0142awa, Radlinsk\u00e9ho ul., sk\u0142ad T3G 7843+7844. W tle stoi okaza\u0142y ko\u015bci\u00f3\u0142 pw. Wniebowzi\u0119cia NMP, zwany r\u00f3wnie\u017c ko\u015bcio\u0142em Blument\u00e1lskym, od dawnej nazwy dzielnicy Kvetna dolina, w j\u0119zyku niemieckim Blumenthal. 23.06.2019<\/p>\n","protected":false},"author":1,"featured_media":18015,"comment_status":"open","ping_status":"","sticky":false,"template":"","format":"standard","meta":{"footnotes":""},"categories":[128,136,3],"tags":[903,34,902,906,32,1767,675,1011],"class_list":["post-18014","post","type-post","status-publish","format-standard","has-post-thumbnail","hentry","category-pionowe","category-rok-2019","category-tramwaj","tag-2019-06-23","tag-architektura","tag-bratyslawa","tag-dp-bratislava","tag-pionowe","tag-porownania","tag-slowacja","tag-tatra-t3"],"_links":{"self":[{"href":"http:\/\/wgphoto.pl\/t\/index.php?rest_route=\/wp\/v2\/posts\/18014","targetHints":{"allow":["GET"]}}],"collection":[{"href":"http:\/\/wgphoto.pl\/t\/index.php?rest_route=\/wp\/v2\/posts"}],"about":[{"href":"http:\/\/wgphoto.pl\/t\/index.php?rest_route=\/wp\/v2\/types\/post"}],"author":[{"embeddable":true,"href":"http:\/\/wgphoto.pl\/t\/index.php?rest_route=\/wp\/v2\/users\/1"}],"replies":[{"embeddable":true,"href":"http:\/\/wgphoto.pl\/t\/index.php?rest_route=%2Fwp%2Fv2%2Fcomments&post=18014"}],"version-history":[{"count":1,"href":"http:\/\/wgphoto.pl\/t\/index.php?rest_route=\/wp\/v2\/posts\/18014\/revisions"}],"predecessor-version":[{"id":18016,"href":"http:\/\/wgphoto.pl\/t\/index.php?rest_route=\/wp\/v2\/posts\/18014\/revisions\/18016"}],"wp:featuredmedia":[{"embeddable":true,"href":"http:\/\/wgphoto.pl\/t\/index.php?rest_route=\/wp\/v2\/media\/18015"}],"wp:attachment":[{"href":"http:\/\/wgphoto.pl\/t\/index.php?rest_route=%2Fwp%2Fv2%2Fmedia&parent=18014"}],"wp:term":[{"taxonomy":"category","embeddable":true,"href":"http:\/\/wgphoto.pl\/t\/index.php?rest_route=%2Fwp%2Fv2%2Fcategories&post=18014"},{"taxonomy":"post_tag","embeddable":true,"href":"http:\/\/wgphoto.pl\/t\/index.php?rest_route=%2Fwp%2Fv2%2Ftags&post=18014"}],"curies":[{"name":"wp","href":"https:\/\/api.w.org\/{rel}","templated":true}]}}