{"id":18020,"date":"2025-06-01T21:36:04","date_gmt":"2025-06-01T19:36:04","guid":{"rendered":"https:\/\/wgphoto.pl\/t\/?p=18020"},"modified":"2025-06-01T21:55:07","modified_gmt":"2025-06-01T19:55:07","slug":"842-024-2-pisek-mesto","status":"publish","type":"post","link":"http:\/\/wgphoto.pl\/t\/?p=18020","title":{"rendered":"842.024-2, P\u00edsek m\u011bsto"},"content":{"rendered":"\n<figure class=\"wp-block-image aligncenter size-full\"><img loading=\"lazy\" decoding=\"async\" width=\"1300\" height=\"861\" src=\"https:\/\/wgphoto.pl\/t\/wp-content\/uploads\/2025\/06\/IMGP0725-1.jpg\" alt=\"\" class=\"wp-image-18021\" srcset=\"http:\/\/wgphoto.pl\/t\/wp-content\/uploads\/2025\/06\/IMGP0725-1.jpg 1300w, http:\/\/wgphoto.pl\/t\/wp-content\/uploads\/2025\/06\/IMGP0725-1-300x199.jpg 300w, http:\/\/wgphoto.pl\/t\/wp-content\/uploads\/2025\/06\/IMGP0725-1-768x509.jpg 768w\" sizes=\"auto, (max-width: 1300px) 100vw, 1300px\" \/><\/figure>\n\n\n\n<div class=\"wp-block-group has-global-padding is-layout-constrained wp-block-group-is-layout-constrained\">\n<p>842.024-2 odje\u017cd\u017ca z tytu\u0142owej stacji na szlak do P\u00edsku (bez miasta) jako poci\u0105g osobowy nominalnie z T\u00e1bora, a w rzeczywisto\u015bci, z powodu v\u00fdluky, w jakiej\u015b kr\u00f3tszej relacji. 22.09.2020<\/p>\n<\/div>\n","protected":false},"excerpt":{"rendered":"<p>842.024-2 odje\u017cd\u017ca z tytu\u0142owej stacji na szlak do P\u00edsku (bez miasta) jako poci\u0105g osobowy nominalnie z T\u00e1bora, a w rzeczywisto\u015bci, z powodu v\u00fdluky, w jakiej\u015b kr\u00f3tszej relacji. 22.09.2020<\/p>\n","protected":false},"author":1,"featured_media":18021,"comment_status":"open","ping_status":"","sticky":false,"template":"","format":"standard","meta":{"footnotes":""},"categories":[2,676],"tags":[2353,525,49,2003,173,3932,53,3931],"class_list":["post-18020","post","type-post","status-publish","format-standard","has-post-thumbnail","hentry","category-kolej","category-rok-2020","tag-2020-09-22","tag-525","tag-czechy","tag-czeskie-wakacje-2020","tag-koncowki","tag-pisek-mesto","tag-sygnalizacja-ksztaltowa","tag-tab-cz201"],"_links":{"self":[{"href":"http:\/\/wgphoto.pl\/t\/index.php?rest_route=\/wp\/v2\/posts\/18020","targetHints":{"allow":["GET"]}}],"collection":[{"href":"http:\/\/wgphoto.pl\/t\/index.php?rest_route=\/wp\/v2\/posts"}],"about":[{"href":"http:\/\/wgphoto.pl\/t\/index.php?rest_route=\/wp\/v2\/types\/post"}],"author":[{"embeddable":true,"href":"http:\/\/wgphoto.pl\/t\/index.php?rest_route=\/wp\/v2\/users\/1"}],"replies":[{"embeddable":true,"href":"http:\/\/wgphoto.pl\/t\/index.php?rest_route=%2Fwp%2Fv2%2Fcomments&post=18020"}],"version-history":[{"count":1,"href":"http:\/\/wgphoto.pl\/t\/index.php?rest_route=\/wp\/v2\/posts\/18020\/revisions"}],"predecessor-version":[{"id":18022,"href":"http:\/\/wgphoto.pl\/t\/index.php?rest_route=\/wp\/v2\/posts\/18020\/revisions\/18022"}],"wp:featuredmedia":[{"embeddable":true,"href":"http:\/\/wgphoto.pl\/t\/index.php?rest_route=\/wp\/v2\/media\/18021"}],"wp:attachment":[{"href":"http:\/\/wgphoto.pl\/t\/index.php?rest_route=%2Fwp%2Fv2%2Fmedia&parent=18020"}],"wp:term":[{"taxonomy":"category","embeddable":true,"href":"http:\/\/wgphoto.pl\/t\/index.php?rest_route=%2Fwp%2Fv2%2Fcategories&post=18020"},{"taxonomy":"post_tag","embeddable":true,"href":"http:\/\/wgphoto.pl\/t\/index.php?rest_route=%2Fwp%2Fv2%2Ftags&post=18020"}],"curies":[{"name":"wp","href":"https:\/\/api.w.org\/{rel}","templated":true}]}}