{"id":1805,"date":"2024-10-06T20:53:12","date_gmt":"2024-10-06T18:53:12","guid":{"rendered":"https:\/\/wgphoto.pl\/t\/?p=1805"},"modified":"2024-10-06T20:53:12","modified_gmt":"2024-10-06T18:53:12","slug":"lokomotywa-ktora-wozi-piwo","status":"publish","type":"post","link":"http:\/\/wgphoto.pl\/t\/?p=1805","title":{"rendered":"Lokomotywa, kt\u00f3ra wozi piwo"},"content":{"rendered":"\n<figure class=\"wp-block-image aligncenter size-full\"><img loading=\"lazy\" decoding=\"async\" width=\"1200\" height=\"803\" src=\"https:\/\/wgphoto.pl\/t\/wp-content\/uploads\/2024\/10\/IMGP6342.jpg\" alt=\"\" class=\"wp-image-1806\" srcset=\"http:\/\/wgphoto.pl\/t\/wp-content\/uploads\/2024\/10\/IMGP6342.jpg 1200w, http:\/\/wgphoto.pl\/t\/wp-content\/uploads\/2024\/10\/IMGP6342-300x201.jpg 300w, http:\/\/wgphoto.pl\/t\/wp-content\/uploads\/2024\/10\/IMGP6342-768x514.jpg 768w\" sizes=\"auto, (max-width: 1200px) 100vw, 1200px\" \/><\/figure>\n\n\n\n<div class=\"wp-block-group has-global-padding is-layout-constrained wp-block-group-is-layout-constrained\">\n<p><em>Prosi\u0105tko<\/em> (pras\u00e1tko) 703 718-7 oczekuje zatrudnienia na terenie browaru Bud\u011bjovick\u00fd Budvar w Czeskich Budziejowicach. 24.08.2010<\/p>\n<\/div>\n","protected":false},"excerpt":{"rendered":"<p>Prosi\u0105tko (pras\u00e1tko) 703 718-7 oczekuje zatrudnienia na terenie browaru Bud\u011bjovick\u00fd Budvar w Czeskich Budziejowicach. 24.08.2010<\/p>\n","protected":false},"author":1,"featured_media":1806,"comment_status":"open","ping_status":"","sticky":false,"template":"","format":"standard","meta":{"footnotes":""},"categories":[2,86],"tags":[945,947,307,49,944,894],"class_list":["post-1805","post","type-post","status-publish","format-standard","has-post-thumbnail","hentry","category-kolej","category-rok-2010","tag-2010-08-24","tag-947","tag-ceske-budejovice","tag-czechy","tag-czeskie-budziejowice","tag-przemysl"],"_links":{"self":[{"href":"http:\/\/wgphoto.pl\/t\/index.php?rest_route=\/wp\/v2\/posts\/1805","targetHints":{"allow":["GET"]}}],"collection":[{"href":"http:\/\/wgphoto.pl\/t\/index.php?rest_route=\/wp\/v2\/posts"}],"about":[{"href":"http:\/\/wgphoto.pl\/t\/index.php?rest_route=\/wp\/v2\/types\/post"}],"author":[{"embeddable":true,"href":"http:\/\/wgphoto.pl\/t\/index.php?rest_route=\/wp\/v2\/users\/1"}],"replies":[{"embeddable":true,"href":"http:\/\/wgphoto.pl\/t\/index.php?rest_route=%2Fwp%2Fv2%2Fcomments&post=1805"}],"version-history":[{"count":1,"href":"http:\/\/wgphoto.pl\/t\/index.php?rest_route=\/wp\/v2\/posts\/1805\/revisions"}],"predecessor-version":[{"id":1807,"href":"http:\/\/wgphoto.pl\/t\/index.php?rest_route=\/wp\/v2\/posts\/1805\/revisions\/1807"}],"wp:featuredmedia":[{"embeddable":true,"href":"http:\/\/wgphoto.pl\/t\/index.php?rest_route=\/wp\/v2\/media\/1806"}],"wp:attachment":[{"href":"http:\/\/wgphoto.pl\/t\/index.php?rest_route=%2Fwp%2Fv2%2Fmedia&parent=1805"}],"wp:term":[{"taxonomy":"category","embeddable":true,"href":"http:\/\/wgphoto.pl\/t\/index.php?rest_route=%2Fwp%2Fv2%2Fcategories&post=1805"},{"taxonomy":"post_tag","embeddable":true,"href":"http:\/\/wgphoto.pl\/t\/index.php?rest_route=%2Fwp%2Fv2%2Ftags&post=1805"}],"curies":[{"name":"wp","href":"https:\/\/api.w.org\/{rel}","templated":true}]}}