{"id":18108,"date":"2025-06-08T12:15:51","date_gmt":"2025-06-08T10:15:51","guid":{"rendered":"https:\/\/wgphoto.pl\/t\/?p=18108"},"modified":"2025-06-08T13:11:59","modified_gmt":"2025-06-08T11:11:59","slug":"zielen-az-po-brzegi","status":"publish","type":"post","link":"http:\/\/wgphoto.pl\/t\/?p=18108","title":{"rendered":"Ziele\u0144 a\u017c po brzegi"},"content":{"rendered":"\n<figure class=\"wp-block-image aligncenter size-full\"><img loading=\"lazy\" decoding=\"async\" width=\"1300\" height=\"862\" src=\"https:\/\/wgphoto.pl\/t\/wp-content\/uploads\/2025\/06\/0511-31.jpg\" alt=\"\" class=\"wp-image-18109\" srcset=\"http:\/\/wgphoto.pl\/t\/wp-content\/uploads\/2025\/06\/0511-31.jpg 1300w, http:\/\/wgphoto.pl\/t\/wp-content\/uploads\/2025\/06\/0511-31-300x199.jpg 300w, http:\/\/wgphoto.pl\/t\/wp-content\/uploads\/2025\/06\/0511-31-768x509.jpg 768w\" sizes=\"auto, (max-width: 1300px) 100vw, 1300px\" \/><\/figure>\n\n\n\n<div class=\"wp-block-group has-global-padding is-layout-constrained wp-block-group-is-layout-constrained\">\n<p>SU46-008 ze &#8222;\u015anie\u017ck\u0105&#8221; relacji Krak\u00f3w G\u0142. &#8211; Jelenia G\u00f3ra wje\u017cd\u017ca do Wa\u0142brzycha G\u0142\u00f3wnego, mijaj\u0105c nastawni\u0119 wykonawcz\u0105 WG2. 26.05.2005<\/p>\n<\/div>\n","protected":false},"excerpt":{"rendered":"<p>SU46-008 ze &#8222;\u015anie\u017ck\u0105&#8221; relacji Krak\u00f3w G\u0142. &#8211; Jelenia G\u00f3ra wje\u017cd\u017ca do Wa\u0142brzycha G\u0142\u00f3wnego, mijaj\u0105c nastawni\u0119 wykonawcz\u0105 WG2. 26.05.2005<\/p>\n","protected":false},"author":1,"featured_media":18109,"comment_status":"open","ping_status":"","sticky":false,"template":"","format":"standard","meta":{"footnotes":""},"categories":[62,2,149],"tags":[1106,114,63,27,84,391,1101],"class_list":["post-18108","post","type-post","status-publish","format-standard","has-post-thumbnail","hentry","category-analog","category-kolej","category-rok-2003","tag-2005-05-26","tag-gory","tag-pkp","tag-polska","tag-su46","tag-tab-pl245","tag-walbrzych-glowny"],"_links":{"self":[{"href":"http:\/\/wgphoto.pl\/t\/index.php?rest_route=\/wp\/v2\/posts\/18108","targetHints":{"allow":["GET"]}}],"collection":[{"href":"http:\/\/wgphoto.pl\/t\/index.php?rest_route=\/wp\/v2\/posts"}],"about":[{"href":"http:\/\/wgphoto.pl\/t\/index.php?rest_route=\/wp\/v2\/types\/post"}],"author":[{"embeddable":true,"href":"http:\/\/wgphoto.pl\/t\/index.php?rest_route=\/wp\/v2\/users\/1"}],"replies":[{"embeddable":true,"href":"http:\/\/wgphoto.pl\/t\/index.php?rest_route=%2Fwp%2Fv2%2Fcomments&post=18108"}],"version-history":[{"count":1,"href":"http:\/\/wgphoto.pl\/t\/index.php?rest_route=\/wp\/v2\/posts\/18108\/revisions"}],"predecessor-version":[{"id":18110,"href":"http:\/\/wgphoto.pl\/t\/index.php?rest_route=\/wp\/v2\/posts\/18108\/revisions\/18110"}],"wp:featuredmedia":[{"embeddable":true,"href":"http:\/\/wgphoto.pl\/t\/index.php?rest_route=\/wp\/v2\/media\/18109"}],"wp:attachment":[{"href":"http:\/\/wgphoto.pl\/t\/index.php?rest_route=%2Fwp%2Fv2%2Fmedia&parent=18108"}],"wp:term":[{"taxonomy":"category","embeddable":true,"href":"http:\/\/wgphoto.pl\/t\/index.php?rest_route=%2Fwp%2Fv2%2Fcategories&post=18108"},{"taxonomy":"post_tag","embeddable":true,"href":"http:\/\/wgphoto.pl\/t\/index.php?rest_route=%2Fwp%2Fv2%2Ftags&post=18108"}],"curies":[{"name":"wp","href":"https:\/\/api.w.org\/{rel}","templated":true}]}}