{"id":18218,"date":"2025-06-08T14:25:00","date_gmt":"2025-06-08T12:25:00","guid":{"rendered":"https:\/\/wgphoto.pl\/t\/?p=18218"},"modified":"2025-06-08T14:25:00","modified_gmt":"2025-06-08T12:25:00","slug":"37-podswietlone","status":"publish","type":"post","link":"http:\/\/wgphoto.pl\/t\/?p=18218","title":{"rendered":"37 pod\u015bwietlone"},"content":{"rendered":"\n<figure class=\"wp-block-image aligncenter size-full\"><img loading=\"lazy\" decoding=\"async\" width=\"800\" height=\"1000\" src=\"https:\/\/wgphoto.pl\/t\/wp-content\/uploads\/2025\/06\/2002r1-35.jpg\" alt=\"\" class=\"wp-image-18219\" srcset=\"http:\/\/wgphoto.pl\/t\/wp-content\/uploads\/2025\/06\/2002r1-35.jpg 800w, http:\/\/wgphoto.pl\/t\/wp-content\/uploads\/2025\/06\/2002r1-35-240x300.jpg 240w, http:\/\/wgphoto.pl\/t\/wp-content\/uploads\/2025\/06\/2002r1-35-768x960.jpg 768w\" sizes=\"auto, (max-width: 800px) 100vw, 800px\" \/><\/figure>\n\n\n\n<div class=\"wp-block-group has-global-padding is-layout-constrained wp-block-group-is-layout-constrained\">\n<p>Wiede\u0144, Hohe Warte, E<sub>1<\/sub> 4635, obecnie je\u017cd\u017c\u0105cy w Krakowie pod numerem HW120. Poniewa\u017c by\u0142o ju\u017c p\u00f3\u017ano, w\u0142\u0105czono ju\u017c (s\u0142abo widoczne) pod\u015bwietlenie latarni z numerem linii oraz (nieco lepiej widoczne) tablicy kierunkowej. 23.07.2002<\/p>\n<\/div>\n","protected":false},"excerpt":{"rendered":"<p>Wiede\u0144, Hohe Warte, E1 4635, obecnie je\u017cd\u017c\u0105cy w Krakowie pod numerem HW120. Poniewa\u017c by\u0142o ju\u017c p\u00f3\u017ano, w\u0142\u0105czono ju\u017c (s\u0142abo widoczne) pod\u015bwietlenie latarni z numerem linii oraz (nieco lepiej widoczne) tablicy kierunkowej. 23.07.2002<\/p>\n","protected":false},"author":1,"featured_media":18219,"comment_status":"open","ping_status":"","sticky":false,"template":"","format":"standard","meta":{"footnotes":""},"categories":[62,128,577,3],"tags":[1626,9,102,101,97,98],"class_list":["post-18218","post","type-post","status-publish","format-standard","has-post-thumbnail","hentry","category-analog","category-pionowe","category-rok-2002","category-tramwaj","tag-2002-07-23","tag-austria","tag-e1","tag-gt6","tag-wieden","tag-wiener-linien"],"_links":{"self":[{"href":"http:\/\/wgphoto.pl\/t\/index.php?rest_route=\/wp\/v2\/posts\/18218","targetHints":{"allow":["GET"]}}],"collection":[{"href":"http:\/\/wgphoto.pl\/t\/index.php?rest_route=\/wp\/v2\/posts"}],"about":[{"href":"http:\/\/wgphoto.pl\/t\/index.php?rest_route=\/wp\/v2\/types\/post"}],"author":[{"embeddable":true,"href":"http:\/\/wgphoto.pl\/t\/index.php?rest_route=\/wp\/v2\/users\/1"}],"replies":[{"embeddable":true,"href":"http:\/\/wgphoto.pl\/t\/index.php?rest_route=%2Fwp%2Fv2%2Fcomments&post=18218"}],"version-history":[{"count":1,"href":"http:\/\/wgphoto.pl\/t\/index.php?rest_route=\/wp\/v2\/posts\/18218\/revisions"}],"predecessor-version":[{"id":18220,"href":"http:\/\/wgphoto.pl\/t\/index.php?rest_route=\/wp\/v2\/posts\/18218\/revisions\/18220"}],"wp:featuredmedia":[{"embeddable":true,"href":"http:\/\/wgphoto.pl\/t\/index.php?rest_route=\/wp\/v2\/media\/18219"}],"wp:attachment":[{"href":"http:\/\/wgphoto.pl\/t\/index.php?rest_route=%2Fwp%2Fv2%2Fmedia&parent=18218"}],"wp:term":[{"taxonomy":"category","embeddable":true,"href":"http:\/\/wgphoto.pl\/t\/index.php?rest_route=%2Fwp%2Fv2%2Fcategories&post=18218"},{"taxonomy":"post_tag","embeddable":true,"href":"http:\/\/wgphoto.pl\/t\/index.php?rest_route=%2Fwp%2Fv2%2Ftags&post=18218"}],"curies":[{"name":"wp","href":"https:\/\/api.w.org\/{rel}","templated":true}]}}