{"id":18221,"date":"2025-06-08T14:25:50","date_gmt":"2025-06-08T12:25:50","guid":{"rendered":"https:\/\/wgphoto.pl\/t\/?p=18221"},"modified":"2025-06-08T14:25:50","modified_gmt":"2025-06-08T12:25:50","slug":"tymczasowy-jednotor","status":"publish","type":"post","link":"http:\/\/wgphoto.pl\/t\/?p=18221","title":{"rendered":"Tymczasowy jednotor"},"content":{"rendered":"\n<figure class=\"wp-block-image aligncenter size-full\"><img loading=\"lazy\" decoding=\"async\" width=\"800\" height=\"1000\" src=\"https:\/\/wgphoto.pl\/t\/wp-content\/uploads\/2025\/06\/2002r1-13.jpg\" alt=\"\" class=\"wp-image-18222\" srcset=\"http:\/\/wgphoto.pl\/t\/wp-content\/uploads\/2025\/06\/2002r1-13.jpg 800w, http:\/\/wgphoto.pl\/t\/wp-content\/uploads\/2025\/06\/2002r1-13-240x300.jpg 240w, http:\/\/wgphoto.pl\/t\/wp-content\/uploads\/2025\/06\/2002r1-13-768x960.jpg 768w\" sizes=\"auto, (max-width: 800px) 100vw, 800px\" \/><\/figure>\n\n\n\n<div class=\"wp-block-group has-global-padding is-layout-constrained wp-block-group-is-layout-constrained\">\n<p>Wagon E<sub>1<\/sub> 4525 na tymczasowym jednotorze na Hintere Zollamtsstra\u00dfe w Wiedniu, gdzie na co dzie\u0144 nie ma \u017cadnych odcink\u00f3w jednotorowych eksploatowanych liniowo w dw\u00f3ch kierunkach. Historia wagonu r\u00f3wnie\u017c okaza\u0142a si\u0119 ciekawa, gdy\u017c w 2011 roku zosta\u0142 on zakupiony przez Tramwaje \u015al\u0105skie z przeznaczeniem na cz\u0119\u015bci zamienne, w Polsce otrzyma\u0142 nr 930. 22.07.2002<\/p>\n<\/div>\n","protected":false},"excerpt":{"rendered":"<p>Wagon E1 4525 na tymczasowym jednotorze na Hintere Zollamtsstra\u00dfe w Wiedniu, gdzie na co dzie\u0144 nie ma \u017cadnych odcink\u00f3w jednotorowych eksploatowanych liniowo w dw\u00f3ch kierunkach. Historia wagonu r\u00f3wnie\u017c okaza\u0142a si\u0119 ciekawa, gdy\u017c w 2011 roku zosta\u0142 on zakupiony przez Tramwaje \u015al\u0105skie z przeznaczeniem na cz\u0119\u015bci zamienne, w Polsce otrzyma\u0142 nr 930. 22.07.2002<\/p>\n","protected":false},"author":1,"featured_media":18222,"comment_status":"open","ping_status":"","sticky":false,"template":"","format":"standard","meta":{"footnotes":""},"categories":[62,128,577,3],"tags":[1488,9,745,102,101,97,98],"class_list":["post-18221","post","type-post","status-publish","format-standard","has-post-thumbnail","hentry","category-analog","category-pionowe","category-rok-2002","category-tramwaj","tag-2002-07-22","tag-austria","tag-budowa","tag-e1","tag-gt6","tag-wieden","tag-wiener-linien"],"_links":{"self":[{"href":"http:\/\/wgphoto.pl\/t\/index.php?rest_route=\/wp\/v2\/posts\/18221","targetHints":{"allow":["GET"]}}],"collection":[{"href":"http:\/\/wgphoto.pl\/t\/index.php?rest_route=\/wp\/v2\/posts"}],"about":[{"href":"http:\/\/wgphoto.pl\/t\/index.php?rest_route=\/wp\/v2\/types\/post"}],"author":[{"embeddable":true,"href":"http:\/\/wgphoto.pl\/t\/index.php?rest_route=\/wp\/v2\/users\/1"}],"replies":[{"embeddable":true,"href":"http:\/\/wgphoto.pl\/t\/index.php?rest_route=%2Fwp%2Fv2%2Fcomments&post=18221"}],"version-history":[{"count":1,"href":"http:\/\/wgphoto.pl\/t\/index.php?rest_route=\/wp\/v2\/posts\/18221\/revisions"}],"predecessor-version":[{"id":18223,"href":"http:\/\/wgphoto.pl\/t\/index.php?rest_route=\/wp\/v2\/posts\/18221\/revisions\/18223"}],"wp:featuredmedia":[{"embeddable":true,"href":"http:\/\/wgphoto.pl\/t\/index.php?rest_route=\/wp\/v2\/media\/18222"}],"wp:attachment":[{"href":"http:\/\/wgphoto.pl\/t\/index.php?rest_route=%2Fwp%2Fv2%2Fmedia&parent=18221"}],"wp:term":[{"taxonomy":"category","embeddable":true,"href":"http:\/\/wgphoto.pl\/t\/index.php?rest_route=%2Fwp%2Fv2%2Fcategories&post=18221"},{"taxonomy":"post_tag","embeddable":true,"href":"http:\/\/wgphoto.pl\/t\/index.php?rest_route=%2Fwp%2Fv2%2Ftags&post=18221"}],"curies":[{"name":"wp","href":"https:\/\/api.w.org\/{rel}","templated":true}]}}