{"id":1826,"date":"2024-10-06T21:01:21","date_gmt":"2024-10-06T19:01:21","guid":{"rendered":"https:\/\/wgphoto.pl\/t\/?p=1826"},"modified":"2024-10-06T21:01:21","modified_gmt":"2024-10-06T19:01:21","slug":"nie-wybierasz-miejsca-na-fotostop","status":"publish","type":"post","link":"http:\/\/wgphoto.pl\/t\/?p=1826","title":{"rendered":"Nie wybierasz miejsca na fotostop"},"content":{"rendered":"\n<figure class=\"wp-block-image aligncenter size-full\"><img loading=\"lazy\" decoding=\"async\" width=\"1200\" height=\"795\" src=\"https:\/\/wgphoto.pl\/t\/wp-content\/uploads\/2024\/10\/IMGP6028-1.jpg\" alt=\"\" class=\"wp-image-1827\" srcset=\"http:\/\/wgphoto.pl\/t\/wp-content\/uploads\/2024\/10\/IMGP6028-1.jpg 1200w, http:\/\/wgphoto.pl\/t\/wp-content\/uploads\/2024\/10\/IMGP6028-1-300x199.jpg 300w, http:\/\/wgphoto.pl\/t\/wp-content\/uploads\/2024\/10\/IMGP6028-1-768x509.jpg 768w\" sizes=\"auto, (max-width: 1200px) 100vw, 1200px\" \/><\/figure>\n\n\n\n<div class=\"wp-block-group has-global-padding is-layout-constrained wp-block-group-is-layout-constrained\">\n<p>Lizbona, Rua da Prata. Nie jest to zdj\u0119cie w ruchu ani tramwaj nie stoi na przystanku. Po prostu zaliczy\u0142 awari\u0119. Motorniczy pr\u00f3buje walczy\u0107 z brakiem rozruchu za pomoc\u0105 obu pantograf\u00f3w w g\u00f3rze &#8211; a nu\u017c kt\u00f3ry\u015b nie domyka obwodu. 17.02.2018<\/p>\n<\/div>\n","protected":false},"excerpt":{"rendered":"<p>Lizbona, Rua da Prata. Nie jest to zdj\u0119cie w ruchu ani tramwaj nie stoi na przystanku. Po prostu zaliczy\u0142 awari\u0119. Motorniczy pr\u00f3buje walczy\u0107 z brakiem rozruchu za pomoc\u0105 obu pantograf\u00f3w w g\u00f3rze &#8211; a nu\u017c kt\u00f3ry\u015b nie domyka obwodu. 17.02.2018<\/p>\n","protected":false},"author":1,"featured_media":1827,"comment_status":"open","ping_status":"","sticky":false,"template":"","format":"standard","meta":{"footnotes":""},"categories":[156,3],"tags":[956,299,298,154,297,505,588,90],"class_list":["post-1826","post","type-post","status-publish","format-standard","has-post-thumbnail","hentry","category-rok-2018","category-tramwaj","tag-2018-02-17","tag-carris-lisboa","tag-lizbona","tag-noc","tag-portugalia","tag-portugalia-2018","tag-remodelado","tag-wieczorem"],"_links":{"self":[{"href":"http:\/\/wgphoto.pl\/t\/index.php?rest_route=\/wp\/v2\/posts\/1826","targetHints":{"allow":["GET"]}}],"collection":[{"href":"http:\/\/wgphoto.pl\/t\/index.php?rest_route=\/wp\/v2\/posts"}],"about":[{"href":"http:\/\/wgphoto.pl\/t\/index.php?rest_route=\/wp\/v2\/types\/post"}],"author":[{"embeddable":true,"href":"http:\/\/wgphoto.pl\/t\/index.php?rest_route=\/wp\/v2\/users\/1"}],"replies":[{"embeddable":true,"href":"http:\/\/wgphoto.pl\/t\/index.php?rest_route=%2Fwp%2Fv2%2Fcomments&post=1826"}],"version-history":[{"count":1,"href":"http:\/\/wgphoto.pl\/t\/index.php?rest_route=\/wp\/v2\/posts\/1826\/revisions"}],"predecessor-version":[{"id":1828,"href":"http:\/\/wgphoto.pl\/t\/index.php?rest_route=\/wp\/v2\/posts\/1826\/revisions\/1828"}],"wp:featuredmedia":[{"embeddable":true,"href":"http:\/\/wgphoto.pl\/t\/index.php?rest_route=\/wp\/v2\/media\/1827"}],"wp:attachment":[{"href":"http:\/\/wgphoto.pl\/t\/index.php?rest_route=%2Fwp%2Fv2%2Fmedia&parent=1826"}],"wp:term":[{"taxonomy":"category","embeddable":true,"href":"http:\/\/wgphoto.pl\/t\/index.php?rest_route=%2Fwp%2Fv2%2Fcategories&post=1826"},{"taxonomy":"post_tag","embeddable":true,"href":"http:\/\/wgphoto.pl\/t\/index.php?rest_route=%2Fwp%2Fv2%2Ftags&post=1826"}],"curies":[{"name":"wp","href":"https:\/\/api.w.org\/{rel}","templated":true}]}}