{"id":18272,"date":"2025-06-08T16:07:39","date_gmt":"2025-06-08T14:07:39","guid":{"rendered":"https:\/\/wgphoto.pl\/t\/?p=18272"},"modified":"2025-06-08T16:07:39","modified_gmt":"2025-06-08T14:07:39","slug":"przy-peronie-3","status":"publish","type":"post","link":"http:\/\/wgphoto.pl\/t\/?p=18272","title":{"rendered":"Przy peronie 3"},"content":{"rendered":"\n<figure class=\"wp-block-image aligncenter size-full\"><img loading=\"lazy\" decoding=\"async\" width=\"1300\" height=\"862\" src=\"https:\/\/wgphoto.pl\/t\/wp-content\/uploads\/2025\/06\/0519-29.jpg\" alt=\"\" class=\"wp-image-18273\" srcset=\"http:\/\/wgphoto.pl\/t\/wp-content\/uploads\/2025\/06\/0519-29.jpg 1300w, http:\/\/wgphoto.pl\/t\/wp-content\/uploads\/2025\/06\/0519-29-300x199.jpg 300w, http:\/\/wgphoto.pl\/t\/wp-content\/uploads\/2025\/06\/0519-29-768x509.jpg 768w\" sizes=\"auto, (max-width: 1300px) 100vw, 1300px\" \/><\/figure>\n\n\n\n<div class=\"wp-block-group has-global-padding is-layout-constrained wp-block-group-is-layout-constrained\">\n<p>Olszty\u0144ski EN57-1921 wraz z niewidocznym 1938 zatrzymuje si\u0119 w Malborku, obs\u0142uguj\u0105c kurs 10328 z Gda\u0144ska do I\u0142awy. [28.07.2005]<\/p>\n<\/div>\n","protected":false},"excerpt":{"rendered":"<p>Olszty\u0144ski EN57-1921 wraz z niewidocznym 1938 zatrzymuje si\u0119 w Malborku, obs\u0142uguj\u0105c kurs 10328 z Gda\u0144ska do I\u0142awy. [28.07.2005]<\/p>\n","protected":false},"author":1,"featured_media":18273,"comment_status":"open","ping_status":"","sticky":false,"template":"","format":"standard","meta":{"footnotes":""},"categories":[62,2,311],"tags":[1205,132,151,3965,24,63,27,1936],"class_list":["post-18272","post","type-post","status-publish","format-standard","has-post-thumbnail","hentry","category-analog","category-kolej","category-rok-2005","tag-2005-07-28","tag-en57","tag-ludzie","tag-malbork","tag-perony","tag-pkp","tag-polska","tag-tab-pl400"],"_links":{"self":[{"href":"http:\/\/wgphoto.pl\/t\/index.php?rest_route=\/wp\/v2\/posts\/18272","targetHints":{"allow":["GET"]}}],"collection":[{"href":"http:\/\/wgphoto.pl\/t\/index.php?rest_route=\/wp\/v2\/posts"}],"about":[{"href":"http:\/\/wgphoto.pl\/t\/index.php?rest_route=\/wp\/v2\/types\/post"}],"author":[{"embeddable":true,"href":"http:\/\/wgphoto.pl\/t\/index.php?rest_route=\/wp\/v2\/users\/1"}],"replies":[{"embeddable":true,"href":"http:\/\/wgphoto.pl\/t\/index.php?rest_route=%2Fwp%2Fv2%2Fcomments&post=18272"}],"version-history":[{"count":1,"href":"http:\/\/wgphoto.pl\/t\/index.php?rest_route=\/wp\/v2\/posts\/18272\/revisions"}],"predecessor-version":[{"id":18274,"href":"http:\/\/wgphoto.pl\/t\/index.php?rest_route=\/wp\/v2\/posts\/18272\/revisions\/18274"}],"wp:featuredmedia":[{"embeddable":true,"href":"http:\/\/wgphoto.pl\/t\/index.php?rest_route=\/wp\/v2\/media\/18273"}],"wp:attachment":[{"href":"http:\/\/wgphoto.pl\/t\/index.php?rest_route=%2Fwp%2Fv2%2Fmedia&parent=18272"}],"wp:term":[{"taxonomy":"category","embeddable":true,"href":"http:\/\/wgphoto.pl\/t\/index.php?rest_route=%2Fwp%2Fv2%2Fcategories&post=18272"},{"taxonomy":"post_tag","embeddable":true,"href":"http:\/\/wgphoto.pl\/t\/index.php?rest_route=%2Fwp%2Fv2%2Ftags&post=18272"}],"curies":[{"name":"wp","href":"https:\/\/api.w.org\/{rel}","templated":true}]}}