{"id":1829,"date":"2024-10-06T21:04:08","date_gmt":"2024-10-06T19:04:08","guid":{"rendered":"https:\/\/wgphoto.pl\/t\/?p=1829"},"modified":"2024-12-08T17:55:40","modified_gmt":"2024-12-08T16:55:40","slug":"barwy-narodowe","status":"publish","type":"post","link":"http:\/\/wgphoto.pl\/t\/?p=1829","title":{"rendered":"Barwy narodowe"},"content":{"rendered":"\n<figure class=\"wp-block-image aligncenter size-full\"><img loading=\"lazy\" decoding=\"async\" width=\"1200\" height=\"795\" src=\"https:\/\/wgphoto.pl\/t\/wp-content\/uploads\/2024\/10\/IMGP5981.jpg\" alt=\"\" class=\"wp-image-1830\" srcset=\"http:\/\/wgphoto.pl\/t\/wp-content\/uploads\/2024\/10\/IMGP5981.jpg 1200w, http:\/\/wgphoto.pl\/t\/wp-content\/uploads\/2024\/10\/IMGP5981-300x199.jpg 300w, http:\/\/wgphoto.pl\/t\/wp-content\/uploads\/2024\/10\/IMGP5981-768x509.jpg 768w\" sizes=\"auto, (max-width: 1200px) 100vw, 1200px\" \/><\/figure>\n\n\n\n<div class=\"wp-block-group has-global-padding is-layout-constrained wp-block-group-is-layout-constrained\">\n<p>Przez stacj\u0119 T\u0103lmaciu przeje\u017cd\u017ca o \u015bwicie nocny poci\u0105g nr 473 z Budapesztu do Bukaresztu. Sk\u0142ad prowadzi bardzo zadbana maszyna 64.0943-2 z zas\u0142onkami i flagami w kabinie oraz uskrzydlonym ko\u0142em na czole. Takie ozdoby spotykane s\u0105 na rumu\u0144skich lokomotywach dosy\u0107 cz\u0119sto. 19.10.2019<\/p>\n<\/div>\n","protected":false},"excerpt":{"rendered":"<p>Przez stacj\u0119 T\u0103lmaciu przeje\u017cd\u017ca o \u015bwicie nocny poci\u0105g nr 473 z Budapesztu do Bukaresztu. Sk\u0142ad prowadzi bardzo zadbana maszyna 64.0943-2 z zas\u0142onkami i flagami w kabinie oraz uskrzydlonym ko\u0142em na czole. Takie ozdoby spotykane s\u0105 na rumu\u0144skich lokomotywach dosy\u0107 cz\u0119sto. 19.10.2019<\/p>\n","protected":false},"author":1,"featured_media":1830,"comment_status":"open","ping_status":"","sticky":false,"template":"","format":"standard","meta":{"footnotes":""},"categories":[2,136],"tags":[960,961,958,494,176,574,957,575],"class_list":["post-1829","post","type-post","status-publish","format-standard","has-post-thumbnail","hentry","category-kolej","category-rok-2019","tag-2019-10-19","tag-961","tag-cfr","tag-flaga","tag-rano","tag-rumunia","tag-talmaciu","tag-wakacje-2019"],"_links":{"self":[{"href":"http:\/\/wgphoto.pl\/t\/index.php?rest_route=\/wp\/v2\/posts\/1829","targetHints":{"allow":["GET"]}}],"collection":[{"href":"http:\/\/wgphoto.pl\/t\/index.php?rest_route=\/wp\/v2\/posts"}],"about":[{"href":"http:\/\/wgphoto.pl\/t\/index.php?rest_route=\/wp\/v2\/types\/post"}],"author":[{"embeddable":true,"href":"http:\/\/wgphoto.pl\/t\/index.php?rest_route=\/wp\/v2\/users\/1"}],"replies":[{"embeddable":true,"href":"http:\/\/wgphoto.pl\/t\/index.php?rest_route=%2Fwp%2Fv2%2Fcomments&post=1829"}],"version-history":[{"count":1,"href":"http:\/\/wgphoto.pl\/t\/index.php?rest_route=\/wp\/v2\/posts\/1829\/revisions"}],"predecessor-version":[{"id":1831,"href":"http:\/\/wgphoto.pl\/t\/index.php?rest_route=\/wp\/v2\/posts\/1829\/revisions\/1831"}],"wp:featuredmedia":[{"embeddable":true,"href":"http:\/\/wgphoto.pl\/t\/index.php?rest_route=\/wp\/v2\/media\/1830"}],"wp:attachment":[{"href":"http:\/\/wgphoto.pl\/t\/index.php?rest_route=%2Fwp%2Fv2%2Fmedia&parent=1829"}],"wp:term":[{"taxonomy":"category","embeddable":true,"href":"http:\/\/wgphoto.pl\/t\/index.php?rest_route=%2Fwp%2Fv2%2Fcategories&post=1829"},{"taxonomy":"post_tag","embeddable":true,"href":"http:\/\/wgphoto.pl\/t\/index.php?rest_route=%2Fwp%2Fv2%2Ftags&post=1829"}],"curies":[{"name":"wp","href":"https:\/\/api.w.org\/{rel}","templated":true}]}}