{"id":18293,"date":"2025-06-08T16:18:23","date_gmt":"2025-06-08T14:18:23","guid":{"rendered":"https:\/\/wgphoto.pl\/t\/?p=18293"},"modified":"2025-06-08T16:18:23","modified_gmt":"2025-06-08T14:18:23","slug":"wiec-chodz-pomaluj-moj-swiat","status":"publish","type":"post","link":"http:\/\/wgphoto.pl\/t\/?p=18293","title":{"rendered":"Wi\u0119c chod\u017a pomaluj m\u00f3j \u015bwiat"},"content":{"rendered":"\n<figure class=\"wp-block-image aligncenter size-full\"><img loading=\"lazy\" decoding=\"async\" width=\"1300\" height=\"862\" src=\"https:\/\/wgphoto.pl\/t\/wp-content\/uploads\/2025\/06\/2002t-22.jpg\" alt=\"\" class=\"wp-image-18294\" srcset=\"http:\/\/wgphoto.pl\/t\/wp-content\/uploads\/2025\/06\/2002t-22.jpg 1300w, http:\/\/wgphoto.pl\/t\/wp-content\/uploads\/2025\/06\/2002t-22-300x199.jpg 300w, http:\/\/wgphoto.pl\/t\/wp-content\/uploads\/2025\/06\/2002t-22-768x509.jpg 768w\" sizes=\"auto, (max-width: 1300px) 100vw, 1300px\" \/><\/figure>\n\n\n\n<div class=\"wp-block-group has-global-padding is-layout-constrained wp-block-group-is-layout-constrained\">\n<p>Wroc\u0142aw, p\u0119tla Opor\u00f3w. W sw\u00f3j kolejny kurs wyrusza jedyna brygada z zajezdni Gaj na linii 20, zdominowanej przez stodw\u00f3jki z Borka, w postaci sk\u0142adu 105Na 2518+2517. W g\u0142\u0119bi stoj\u0105 zestawy 105Na 2346+2345 i 2232+2233. [22.08.2002]<\/p>\n<\/div>\n","protected":false},"excerpt":{"rendered":"<p>Wroc\u0142aw, p\u0119tla Opor\u00f3w. W sw\u00f3j kolejny kurs wyrusza jedyna brygada z zajezdni Gaj na linii 20, zdominowanej przez stodw\u00f3jki z Borka, w postaci sk\u0142adu 105Na 2518+2517. W g\u0142\u0119bi stoj\u0105 zestawy 105Na 2346+2345 i 2232+2233. [22.08.2002]<\/p>\n","protected":false},"author":1,"featured_media":18294,"comment_status":"open","ping_status":"","sticky":false,"template":"","format":"standard","meta":{"footnotes":""},"categories":[62,577,3],"tags":[155,3967,42,27,41],"class_list":["post-18293","post","type-post","status-publish","format-standard","has-post-thumbnail","hentry","category-analog","category-rok-2002","category-tramwaj","tag-105na","tag-2002-08-22","tag-mpk-wroclaw","tag-polska","tag-wroclaw"],"_links":{"self":[{"href":"http:\/\/wgphoto.pl\/t\/index.php?rest_route=\/wp\/v2\/posts\/18293","targetHints":{"allow":["GET"]}}],"collection":[{"href":"http:\/\/wgphoto.pl\/t\/index.php?rest_route=\/wp\/v2\/posts"}],"about":[{"href":"http:\/\/wgphoto.pl\/t\/index.php?rest_route=\/wp\/v2\/types\/post"}],"author":[{"embeddable":true,"href":"http:\/\/wgphoto.pl\/t\/index.php?rest_route=\/wp\/v2\/users\/1"}],"replies":[{"embeddable":true,"href":"http:\/\/wgphoto.pl\/t\/index.php?rest_route=%2Fwp%2Fv2%2Fcomments&post=18293"}],"version-history":[{"count":1,"href":"http:\/\/wgphoto.pl\/t\/index.php?rest_route=\/wp\/v2\/posts\/18293\/revisions"}],"predecessor-version":[{"id":18295,"href":"http:\/\/wgphoto.pl\/t\/index.php?rest_route=\/wp\/v2\/posts\/18293\/revisions\/18295"}],"wp:featuredmedia":[{"embeddable":true,"href":"http:\/\/wgphoto.pl\/t\/index.php?rest_route=\/wp\/v2\/media\/18294"}],"wp:attachment":[{"href":"http:\/\/wgphoto.pl\/t\/index.php?rest_route=%2Fwp%2Fv2%2Fmedia&parent=18293"}],"wp:term":[{"taxonomy":"category","embeddable":true,"href":"http:\/\/wgphoto.pl\/t\/index.php?rest_route=%2Fwp%2Fv2%2Fcategories&post=18293"},{"taxonomy":"post_tag","embeddable":true,"href":"http:\/\/wgphoto.pl\/t\/index.php?rest_route=%2Fwp%2Fv2%2Ftags&post=18293"}],"curies":[{"name":"wp","href":"https:\/\/api.w.org\/{rel}","templated":true}]}}