{"id":18299,"date":"2025-06-08T16:20:16","date_gmt":"2025-06-08T14:20:16","guid":{"rendered":"https:\/\/wgphoto.pl\/t\/?p=18299"},"modified":"2025-06-08T16:20:16","modified_gmt":"2025-06-08T14:20:16","slug":"austriacka-zdaweczka","status":"publish","type":"post","link":"http:\/\/wgphoto.pl\/t\/?p=18299","title":{"rendered":"Austriacka zdaweczka"},"content":{"rendered":"\n<figure class=\"wp-block-image aligncenter size-full\"><img loading=\"lazy\" decoding=\"async\" width=\"1300\" height=\"862\" src=\"https:\/\/wgphoto.pl\/t\/wp-content\/uploads\/2025\/06\/2002r1-28.jpg\" alt=\"\" class=\"wp-image-18300\" srcset=\"http:\/\/wgphoto.pl\/t\/wp-content\/uploads\/2025\/06\/2002r1-28.jpg 1300w, http:\/\/wgphoto.pl\/t\/wp-content\/uploads\/2025\/06\/2002r1-28-300x199.jpg 300w, http:\/\/wgphoto.pl\/t\/wp-content\/uploads\/2025\/06\/2002r1-28-768x509.jpg 768w\" sizes=\"auto, (max-width: 1300px) 100vw, 1300px\" \/><\/figure>\n\n\n\n<div class=\"wp-block-group has-global-padding is-layout-constrained wp-block-group-is-layout-constrained\">\n<p>2068.057-5 z sympatyczn\u0105 zdawk\u0105 z brankardem mija przystanek Purkersdorf Sanatorium na zachodnich obrze\u017cach Wiednia. [23.07.2002]<\/p>\n<\/div>\n","protected":false},"excerpt":{"rendered":"<p>2068.057-5 z sympatyczn\u0105 zdawk\u0105 z brankardem mija przystanek Purkersdorf Sanatorium na zachodnich obrze\u017cach Wiednia. [23.07.2002]<\/p>\n","protected":false},"author":1,"featured_media":18300,"comment_status":"open","ping_status":"","sticky":false,"template":"","format":"standard","meta":{"footnotes":""},"categories":[62,2,577],"tags":[1626,3970,9,114,11,3971,97],"class_list":["post-18299","post","type-post","status-publish","format-standard","has-post-thumbnail","hentry","category-analog","category-kolej","category-rok-2002","tag-2002-07-23","tag-3970","tag-austria","tag-gory","tag-obb","tag-purkersdorf-sanatorium","tag-wieden"],"_links":{"self":[{"href":"http:\/\/wgphoto.pl\/t\/index.php?rest_route=\/wp\/v2\/posts\/18299","targetHints":{"allow":["GET"]}}],"collection":[{"href":"http:\/\/wgphoto.pl\/t\/index.php?rest_route=\/wp\/v2\/posts"}],"about":[{"href":"http:\/\/wgphoto.pl\/t\/index.php?rest_route=\/wp\/v2\/types\/post"}],"author":[{"embeddable":true,"href":"http:\/\/wgphoto.pl\/t\/index.php?rest_route=\/wp\/v2\/users\/1"}],"replies":[{"embeddable":true,"href":"http:\/\/wgphoto.pl\/t\/index.php?rest_route=%2Fwp%2Fv2%2Fcomments&post=18299"}],"version-history":[{"count":1,"href":"http:\/\/wgphoto.pl\/t\/index.php?rest_route=\/wp\/v2\/posts\/18299\/revisions"}],"predecessor-version":[{"id":18301,"href":"http:\/\/wgphoto.pl\/t\/index.php?rest_route=\/wp\/v2\/posts\/18299\/revisions\/18301"}],"wp:featuredmedia":[{"embeddable":true,"href":"http:\/\/wgphoto.pl\/t\/index.php?rest_route=\/wp\/v2\/media\/18300"}],"wp:attachment":[{"href":"http:\/\/wgphoto.pl\/t\/index.php?rest_route=%2Fwp%2Fv2%2Fmedia&parent=18299"}],"wp:term":[{"taxonomy":"category","embeddable":true,"href":"http:\/\/wgphoto.pl\/t\/index.php?rest_route=%2Fwp%2Fv2%2Fcategories&post=18299"},{"taxonomy":"post_tag","embeddable":true,"href":"http:\/\/wgphoto.pl\/t\/index.php?rest_route=%2Fwp%2Fv2%2Ftags&post=18299"}],"curies":[{"name":"wp","href":"https:\/\/api.w.org\/{rel}","templated":true}]}}