{"id":18308,"date":"2025-06-08T16:23:15","date_gmt":"2025-06-08T14:23:15","guid":{"rendered":"https:\/\/wgphoto.pl\/t\/?p=18308"},"modified":"2025-06-08T16:23:15","modified_gmt":"2025-06-08T14:23:15","slug":"mala-strana","status":"publish","type":"post","link":"http:\/\/wgphoto.pl\/t\/?p=18308","title":{"rendered":"Mal\u00e1 Strana"},"content":{"rendered":"\n<figure class=\"wp-block-image aligncenter size-full\"><img loading=\"lazy\" decoding=\"async\" width=\"1300\" height=\"861\" src=\"https:\/\/wgphoto.pl\/t\/wp-content\/uploads\/2025\/06\/IMGP6752.jpg\" alt=\"\" class=\"wp-image-18309\" srcset=\"http:\/\/wgphoto.pl\/t\/wp-content\/uploads\/2025\/06\/IMGP6752.jpg 1300w, http:\/\/wgphoto.pl\/t\/wp-content\/uploads\/2025\/06\/IMGP6752-300x199.jpg 300w, http:\/\/wgphoto.pl\/t\/wp-content\/uploads\/2025\/06\/IMGP6752-768x509.jpg 768w\" sizes=\"auto, (max-width: 1300px) 100vw, 1300px\" \/><\/figure>\n\n\n\n<div class=\"wp-block-group has-global-padding is-layout-constrained wp-block-group-is-layout-constrained\">\n<p>\u0160koda 15T 9364 wspi\u0119\u0142a si\u0119 na szczyt ulicy Chotkovej w Pradze, zostawiaj\u0105c za sob\u0105 czerwone dachy Malej Strany. [26.03.2022]<\/p>\n<\/div>\n","protected":false},"excerpt":{"rendered":"<p>\u0160koda 15T 9364 wspi\u0119\u0142a si\u0119 na szczyt ulicy Chotkovej w Pradze, zostawiaj\u0105c za sob\u0105 czerwone dachy Malej Strany. [26.03.2022]<\/p>\n","protected":false},"author":1,"featured_media":18309,"comment_status":"open","ping_status":"","sticky":false,"template":"","format":"standard","meta":{"footnotes":""},"categories":[669,3],"tags":[2778,49,1049,52,95,90],"class_list":["post-18308","post","type-post","status-publish","format-standard","has-post-thumbnail","hentry","category-rok-2022","category-tramwaj","tag-2022-03-26","tag-czechy","tag-dp-praha","tag-praga","tag-skoda-15t","tag-wieczorem"],"_links":{"self":[{"href":"http:\/\/wgphoto.pl\/t\/index.php?rest_route=\/wp\/v2\/posts\/18308","targetHints":{"allow":["GET"]}}],"collection":[{"href":"http:\/\/wgphoto.pl\/t\/index.php?rest_route=\/wp\/v2\/posts"}],"about":[{"href":"http:\/\/wgphoto.pl\/t\/index.php?rest_route=\/wp\/v2\/types\/post"}],"author":[{"embeddable":true,"href":"http:\/\/wgphoto.pl\/t\/index.php?rest_route=\/wp\/v2\/users\/1"}],"replies":[{"embeddable":true,"href":"http:\/\/wgphoto.pl\/t\/index.php?rest_route=%2Fwp%2Fv2%2Fcomments&post=18308"}],"version-history":[{"count":1,"href":"http:\/\/wgphoto.pl\/t\/index.php?rest_route=\/wp\/v2\/posts\/18308\/revisions"}],"predecessor-version":[{"id":18310,"href":"http:\/\/wgphoto.pl\/t\/index.php?rest_route=\/wp\/v2\/posts\/18308\/revisions\/18310"}],"wp:featuredmedia":[{"embeddable":true,"href":"http:\/\/wgphoto.pl\/t\/index.php?rest_route=\/wp\/v2\/media\/18309"}],"wp:attachment":[{"href":"http:\/\/wgphoto.pl\/t\/index.php?rest_route=%2Fwp%2Fv2%2Fmedia&parent=18308"}],"wp:term":[{"taxonomy":"category","embeddable":true,"href":"http:\/\/wgphoto.pl\/t\/index.php?rest_route=%2Fwp%2Fv2%2Fcategories&post=18308"},{"taxonomy":"post_tag","embeddable":true,"href":"http:\/\/wgphoto.pl\/t\/index.php?rest_route=%2Fwp%2Fv2%2Ftags&post=18308"}],"curies":[{"name":"wp","href":"https:\/\/api.w.org\/{rel}","templated":true}]}}