{"id":18315,"date":"2025-06-08T18:34:34","date_gmt":"2025-06-08T16:34:34","guid":{"rendered":"https:\/\/wgphoto.pl\/t\/?p=18315"},"modified":"2026-02-22T23:12:35","modified_gmt":"2026-02-22T22:12:35","slug":"perony-na-zakladke","status":"publish","type":"post","link":"http:\/\/wgphoto.pl\/t\/?p=18315","title":{"rendered":"Perony na zak\u0142adk\u0119"},"content":{"rendered":"\n<figure class=\"wp-block-image aligncenter size-full\"><img loading=\"lazy\" decoding=\"async\" width=\"1300\" height=\"861\" src=\"https:\/\/wgphoto.pl\/t\/wp-content\/uploads\/2025\/06\/IMGP1405-1.jpg\" alt=\"\" class=\"wp-image-18316\" srcset=\"http:\/\/wgphoto.pl\/t\/wp-content\/uploads\/2025\/06\/IMGP1405-1.jpg 1300w, http:\/\/wgphoto.pl\/t\/wp-content\/uploads\/2025\/06\/IMGP1405-1-300x199.jpg 300w, http:\/\/wgphoto.pl\/t\/wp-content\/uploads\/2025\/06\/IMGP1405-1-768x509.jpg 768w\" sizes=\"auto, (max-width: 1300px) 100vw, 1300px\" \/><\/figure>\n\n\n\n<div class=\"wp-block-group has-global-padding is-layout-constrained wp-block-group-is-layout-constrained\">\n<p>Wiede\u0144, stacja Rathaus, sk\u0142ad typu V z wagonem 3805 na czele. Odcinek ten by\u0142 niegdy\u015b wykorzystywany przez tramwaje. Po konwersji na metro trudno by\u0142o zmie\u015bci\u0107 pod ziemi\u0105 d\u0142ugie perony, dlatego zbudowano je &#8222;na zak\u0142adk\u0119&#8221;. [25.12.2013]<\/p>\n<\/div>\n","protected":false},"excerpt":{"rendered":"<p>Wiede\u0144, stacja Rathaus, sk\u0142ad typu V z wagonem 3805 na czele. Odcinek ten by\u0142 niegdy\u015b wykorzystywany przez tramwaje. Po konwersji na metro trudno by\u0142o zmie\u015bci\u0107 pod ziemi\u0105 d\u0142ugie perony, dlatego zbudowano je &#8222;na zak\u0142adk\u0119&#8221;. [25.12.2013]<\/p>\n","protected":false},"author":1,"featured_media":18316,"comment_status":"open","ping_status":"","sticky":false,"template":"","format":"standard","meta":{"footnotes":""},"categories":[4,55],"tags":[2862,9,15,99,4679,97,98],"class_list":["post-18315","post","type-post","status-publish","format-standard","has-post-thumbnail","hentry","category-metro","category-rok-2013","tag-2013-12-25","tag-austria","tag-tunel","tag-u-bahn-wien","tag-v","tag-wieden","tag-wiener-linien"],"_links":{"self":[{"href":"http:\/\/wgphoto.pl\/t\/index.php?rest_route=\/wp\/v2\/posts\/18315","targetHints":{"allow":["GET"]}}],"collection":[{"href":"http:\/\/wgphoto.pl\/t\/index.php?rest_route=\/wp\/v2\/posts"}],"about":[{"href":"http:\/\/wgphoto.pl\/t\/index.php?rest_route=\/wp\/v2\/types\/post"}],"author":[{"embeddable":true,"href":"http:\/\/wgphoto.pl\/t\/index.php?rest_route=\/wp\/v2\/users\/1"}],"replies":[{"embeddable":true,"href":"http:\/\/wgphoto.pl\/t\/index.php?rest_route=%2Fwp%2Fv2%2Fcomments&post=18315"}],"version-history":[{"count":1,"href":"http:\/\/wgphoto.pl\/t\/index.php?rest_route=\/wp\/v2\/posts\/18315\/revisions"}],"predecessor-version":[{"id":18317,"href":"http:\/\/wgphoto.pl\/t\/index.php?rest_route=\/wp\/v2\/posts\/18315\/revisions\/18317"}],"wp:featuredmedia":[{"embeddable":true,"href":"http:\/\/wgphoto.pl\/t\/index.php?rest_route=\/wp\/v2\/media\/18316"}],"wp:attachment":[{"href":"http:\/\/wgphoto.pl\/t\/index.php?rest_route=%2Fwp%2Fv2%2Fmedia&parent=18315"}],"wp:term":[{"taxonomy":"category","embeddable":true,"href":"http:\/\/wgphoto.pl\/t\/index.php?rest_route=%2Fwp%2Fv2%2Fcategories&post=18315"},{"taxonomy":"post_tag","embeddable":true,"href":"http:\/\/wgphoto.pl\/t\/index.php?rest_route=%2Fwp%2Fv2%2Ftags&post=18315"}],"curies":[{"name":"wp","href":"https:\/\/api.w.org\/{rel}","templated":true}]}}