{"id":1832,"date":"2024-10-06T21:05:57","date_gmt":"2024-10-06T19:05:57","guid":{"rendered":"https:\/\/wgphoto.pl\/t\/?p=1832"},"modified":"2024-10-06T21:05:57","modified_gmt":"2024-10-06T19:05:57","slug":"ampelmann-we-mgle","status":"publish","type":"post","link":"http:\/\/wgphoto.pl\/t\/?p=1832","title":{"rendered":"Ampelmann we mgle"},"content":{"rendered":"\n<figure class=\"wp-block-image aligncenter size-full\"><img loading=\"lazy\" decoding=\"async\" width=\"1200\" height=\"795\" src=\"https:\/\/wgphoto.pl\/t\/wp-content\/uploads\/2024\/10\/IMGP5847.jpg\" alt=\"\" class=\"wp-image-1833\" srcset=\"http:\/\/wgphoto.pl\/t\/wp-content\/uploads\/2024\/10\/IMGP5847.jpg 1200w, http:\/\/wgphoto.pl\/t\/wp-content\/uploads\/2024\/10\/IMGP5847-300x199.jpg 300w, http:\/\/wgphoto.pl\/t\/wp-content\/uploads\/2024\/10\/IMGP5847-768x509.jpg 768w\" sizes=\"auto, (max-width: 1200px) 100vw, 1200px\" \/><\/figure>\n\n\n\n<div class=\"wp-block-group has-global-padding is-layout-constrained wp-block-group-is-layout-constrained\">\n<p>Ga\u0142acz, Pia\u021ba Energiei. Z porannej mg\u0142y wy\u0142ania si\u0119 ex-rotterdamski <em>helmut<\/em> w oryginalnych barwach. Cz\u0142owiek przechodz\u0105cy przez jezdni\u0119 przyj\u0105\u0142 poz\u0119 berli\u0144skiego Ampelmanna. \ud83d\ude42 18.10.2019<\/p>\n<\/div>\n","protected":false},"excerpt":{"rendered":"<p>Ga\u0142acz, Pia\u021ba Energiei. Z porannej mg\u0142y wy\u0142ania si\u0119 ex-rotterdamski helmut w oryginalnych barwach. Cz\u0142owiek przechodz\u0105cy przez jezdni\u0119 przyj\u0105\u0142 poz\u0119 berli\u0144skiego Ampelmanna. \ud83d\ude42 18.10.2019<\/p>\n","protected":false},"author":1,"featured_media":1833,"comment_status":"open","ping_status":"","sticky":false,"template":"","format":"standard","meta":{"footnotes":""},"categories":[136,3],"tags":[963,964,101,821,574,962,575],"class_list":["post-1832","post","type-post","status-publish","format-standard","has-post-thumbnail","hentry","category-rok-2019","category-tramwaj","tag-2019-10-18","tag-galacz","tag-gt6","tag-mgla","tag-rumunia","tag-transurb-galati","tag-wakacje-2019"],"_links":{"self":[{"href":"http:\/\/wgphoto.pl\/t\/index.php?rest_route=\/wp\/v2\/posts\/1832","targetHints":{"allow":["GET"]}}],"collection":[{"href":"http:\/\/wgphoto.pl\/t\/index.php?rest_route=\/wp\/v2\/posts"}],"about":[{"href":"http:\/\/wgphoto.pl\/t\/index.php?rest_route=\/wp\/v2\/types\/post"}],"author":[{"embeddable":true,"href":"http:\/\/wgphoto.pl\/t\/index.php?rest_route=\/wp\/v2\/users\/1"}],"replies":[{"embeddable":true,"href":"http:\/\/wgphoto.pl\/t\/index.php?rest_route=%2Fwp%2Fv2%2Fcomments&post=1832"}],"version-history":[{"count":1,"href":"http:\/\/wgphoto.pl\/t\/index.php?rest_route=\/wp\/v2\/posts\/1832\/revisions"}],"predecessor-version":[{"id":1834,"href":"http:\/\/wgphoto.pl\/t\/index.php?rest_route=\/wp\/v2\/posts\/1832\/revisions\/1834"}],"wp:featuredmedia":[{"embeddable":true,"href":"http:\/\/wgphoto.pl\/t\/index.php?rest_route=\/wp\/v2\/media\/1833"}],"wp:attachment":[{"href":"http:\/\/wgphoto.pl\/t\/index.php?rest_route=%2Fwp%2Fv2%2Fmedia&parent=1832"}],"wp:term":[{"taxonomy":"category","embeddable":true,"href":"http:\/\/wgphoto.pl\/t\/index.php?rest_route=%2Fwp%2Fv2%2Fcategories&post=1832"},{"taxonomy":"post_tag","embeddable":true,"href":"http:\/\/wgphoto.pl\/t\/index.php?rest_route=%2Fwp%2Fv2%2Ftags&post=1832"}],"curies":[{"name":"wp","href":"https:\/\/api.w.org\/{rel}","templated":true}]}}