{"id":18335,"date":"2025-06-08T18:41:01","date_gmt":"2025-06-08T16:41:01","guid":{"rendered":"https:\/\/wgphoto.pl\/t\/?p=18335"},"modified":"2025-06-08T18:41:01","modified_gmt":"2025-06-08T16:41:01","slug":"raczkagasior-w-duewagu","status":"publish","type":"post","link":"http:\/\/wgphoto.pl\/t\/?p=18335","title":{"rendered":"R\u0105czka&amp;G\u0105sior w Duewagu"},"content":{"rendered":"\n<figure class=\"wp-block-image aligncenter size-full\"><img loading=\"lazy\" decoding=\"async\" width=\"700\" height=\"1057\" src=\"https:\/\/wgphoto.pl\/t\/wp-content\/uploads\/2025\/06\/IMGP5149.jpg\" alt=\"\" class=\"wp-image-18336\" srcset=\"http:\/\/wgphoto.pl\/t\/wp-content\/uploads\/2025\/06\/IMGP5149.jpg 700w, http:\/\/wgphoto.pl\/t\/wp-content\/uploads\/2025\/06\/IMGP5149-199x300.jpg 199w\" sizes=\"auto, (max-width: 700px) 100vw, 700px\" \/><\/figure>\n\n\n\n<div class=\"wp-block-group has-global-padding is-layout-constrained wp-block-group-is-layout-constrained\">\n<p>Wn\u0119trze \u015bl\u0105skiego Duewaga Pt nr 910 na linii gdzie\u015b w Zabrzu. [15.10.2021]<\/p>\n<\/div>\n","protected":false},"excerpt":{"rendered":"<p>Wn\u0119trze \u015bl\u0105skiego Duewaga Pt nr 910 na linii gdzie\u015b w Zabrzu. [15.10.2021]<\/p>\n","protected":false},"author":1,"featured_media":18336,"comment_status":"open","ping_status":"","sticky":false,"template":"","format":"standard","meta":{"footnotes":""},"categories":[220,128,681,3],"tags":[2680,277,238,27,3973,279,454,1021],"class_list":["post-18335","post","type-post","status-publish","format-standard","has-post-thumbnail","hentry","category-blo","category-pionowe","category-rok-2021","category-tramwaj","tag-2021-10-15","tag-gop","tag-gt8","tag-polska","tag-pt","tag-tramwaje-slaskie","tag-wnetrza-pojazdow","tag-zabrze"],"_links":{"self":[{"href":"http:\/\/wgphoto.pl\/t\/index.php?rest_route=\/wp\/v2\/posts\/18335","targetHints":{"allow":["GET"]}}],"collection":[{"href":"http:\/\/wgphoto.pl\/t\/index.php?rest_route=\/wp\/v2\/posts"}],"about":[{"href":"http:\/\/wgphoto.pl\/t\/index.php?rest_route=\/wp\/v2\/types\/post"}],"author":[{"embeddable":true,"href":"http:\/\/wgphoto.pl\/t\/index.php?rest_route=\/wp\/v2\/users\/1"}],"replies":[{"embeddable":true,"href":"http:\/\/wgphoto.pl\/t\/index.php?rest_route=%2Fwp%2Fv2%2Fcomments&post=18335"}],"version-history":[{"count":1,"href":"http:\/\/wgphoto.pl\/t\/index.php?rest_route=\/wp\/v2\/posts\/18335\/revisions"}],"predecessor-version":[{"id":18337,"href":"http:\/\/wgphoto.pl\/t\/index.php?rest_route=\/wp\/v2\/posts\/18335\/revisions\/18337"}],"wp:featuredmedia":[{"embeddable":true,"href":"http:\/\/wgphoto.pl\/t\/index.php?rest_route=\/wp\/v2\/media\/18336"}],"wp:attachment":[{"href":"http:\/\/wgphoto.pl\/t\/index.php?rest_route=%2Fwp%2Fv2%2Fmedia&parent=18335"}],"wp:term":[{"taxonomy":"category","embeddable":true,"href":"http:\/\/wgphoto.pl\/t\/index.php?rest_route=%2Fwp%2Fv2%2Fcategories&post=18335"},{"taxonomy":"post_tag","embeddable":true,"href":"http:\/\/wgphoto.pl\/t\/index.php?rest_route=%2Fwp%2Fv2%2Ftags&post=18335"}],"curies":[{"name":"wp","href":"https:\/\/api.w.org\/{rel}","templated":true}]}}