{"id":18366,"date":"2025-06-10T17:37:38","date_gmt":"2025-06-10T15:37:38","guid":{"rendered":"https:\/\/wgphoto.pl\/t\/?p=18366"},"modified":"2025-06-10T17:37:38","modified_gmt":"2025-06-10T15:37:38","slug":"mijanka-o-poranku","status":"publish","type":"post","link":"http:\/\/wgphoto.pl\/t\/?p=18366","title":{"rendered":"Mijanka o poranku"},"content":{"rendered":"\n<figure class=\"wp-block-image aligncenter size-full\"><img loading=\"lazy\" decoding=\"async\" width=\"1300\" height=\"862\" src=\"https:\/\/wgphoto.pl\/t\/wp-content\/uploads\/2025\/06\/0723-14.jpg\" alt=\"\" class=\"wp-image-18367\" srcset=\"http:\/\/wgphoto.pl\/t\/wp-content\/uploads\/2025\/06\/0723-14.jpg 1300w, http:\/\/wgphoto.pl\/t\/wp-content\/uploads\/2025\/06\/0723-14-300x199.jpg 300w, http:\/\/wgphoto.pl\/t\/wp-content\/uploads\/2025\/06\/0723-14-768x509.jpg 768w\" sizes=\"auto, (max-width: 1300px) 100vw, 1300px\" \/><\/figure>\n\n\n\n<div class=\"wp-block-group has-global-padding is-layout-constrained wp-block-group-is-layout-constrained\">\n<p>Wagony GT6 76 i 75 mijaj\u0105 si\u0119 o poranku na skrzy\u017cowaniu ulic Toru\u0144skiej, Che\u0142mi\u0144skiej i J\u00f3zefa W\u0142odka w Grudzi\u0105dzu. [22.08.2007]<\/p>\n<\/div>\n","protected":false},"excerpt":{"rendered":"<p>Wagony GT6 76 i 75 mijaj\u0105 si\u0119 o poranku na skrzy\u017cowaniu ulic Toru\u0144skiej, Che\u0142mi\u0144skiej i J\u00f3zefa W\u0142odka w Grudzi\u0105dzu. [22.08.2007]<\/p>\n","protected":false},"author":1,"featured_media":18367,"comment_status":"open","ping_status":"","sticky":false,"template":"","format":"standard","meta":{"footnotes":""},"categories":[62,96,3],"tags":[794,915,101,389,914,27],"class_list":["post-18366","post","type-post","status-publish","format-standard","has-post-thumbnail","hentry","category-analog","category-rok-2007","category-tramwaj","tag-2007-08-22","tag-grudziadz","tag-gt6","tag-mijanka","tag-mzk-grudziadz","tag-polska"],"_links":{"self":[{"href":"http:\/\/wgphoto.pl\/t\/index.php?rest_route=\/wp\/v2\/posts\/18366","targetHints":{"allow":["GET"]}}],"collection":[{"href":"http:\/\/wgphoto.pl\/t\/index.php?rest_route=\/wp\/v2\/posts"}],"about":[{"href":"http:\/\/wgphoto.pl\/t\/index.php?rest_route=\/wp\/v2\/types\/post"}],"author":[{"embeddable":true,"href":"http:\/\/wgphoto.pl\/t\/index.php?rest_route=\/wp\/v2\/users\/1"}],"replies":[{"embeddable":true,"href":"http:\/\/wgphoto.pl\/t\/index.php?rest_route=%2Fwp%2Fv2%2Fcomments&post=18366"}],"version-history":[{"count":1,"href":"http:\/\/wgphoto.pl\/t\/index.php?rest_route=\/wp\/v2\/posts\/18366\/revisions"}],"predecessor-version":[{"id":18368,"href":"http:\/\/wgphoto.pl\/t\/index.php?rest_route=\/wp\/v2\/posts\/18366\/revisions\/18368"}],"wp:featuredmedia":[{"embeddable":true,"href":"http:\/\/wgphoto.pl\/t\/index.php?rest_route=\/wp\/v2\/media\/18367"}],"wp:attachment":[{"href":"http:\/\/wgphoto.pl\/t\/index.php?rest_route=%2Fwp%2Fv2%2Fmedia&parent=18366"}],"wp:term":[{"taxonomy":"category","embeddable":true,"href":"http:\/\/wgphoto.pl\/t\/index.php?rest_route=%2Fwp%2Fv2%2Fcategories&post=18366"},{"taxonomy":"post_tag","embeddable":true,"href":"http:\/\/wgphoto.pl\/t\/index.php?rest_route=%2Fwp%2Fv2%2Ftags&post=18366"}],"curies":[{"name":"wp","href":"https:\/\/api.w.org\/{rel}","templated":true}]}}