{"id":18375,"date":"2025-06-10T17:40:04","date_gmt":"2025-06-10T15:40:04","guid":{"rendered":"https:\/\/wgphoto.pl\/t\/?p=18375"},"modified":"2025-06-10T17:40:04","modified_gmt":"2025-06-10T15:40:04","slug":"pocztowka-z-bratyslawy","status":"publish","type":"post","link":"http:\/\/wgphoto.pl\/t\/?p=18375","title":{"rendered":"Poczt\u00f3wka z Bratys\u0142awy"},"content":{"rendered":"\n<figure class=\"wp-block-image aligncenter size-full\"><img loading=\"lazy\" decoding=\"async\" width=\"1300\" height=\"862\" src=\"https:\/\/wgphoto.pl\/t\/wp-content\/uploads\/2025\/06\/0718-13.jpg\" alt=\"\" class=\"wp-image-18376\" srcset=\"http:\/\/wgphoto.pl\/t\/wp-content\/uploads\/2025\/06\/0718-13.jpg 1300w, http:\/\/wgphoto.pl\/t\/wp-content\/uploads\/2025\/06\/0718-13-300x199.jpg 300w, http:\/\/wgphoto.pl\/t\/wp-content\/uploads\/2025\/06\/0718-13-768x509.jpg 768w\" sizes=\"auto, (max-width: 1300px) 100vw, 1300px\" \/><\/figure>\n\n\n\n<div class=\"wp-block-group has-global-padding is-layout-constrained wp-block-group-is-layout-constrained\">\n<p>Bratys\u0142awa, N\u00e1bre\u017eie arm\u00e1dneho gener\u00e1la Ludv\u00edka Svobodu. Sk\u0142ad T3SUCS 7777+7778 mija miejscowy zamek. [05.08.2007]<\/p>\n<\/div>\n","protected":false},"excerpt":{"rendered":"<p>Bratys\u0142awa, N\u00e1bre\u017eie arm\u00e1dneho gener\u00e1la Ludv\u00edka Svobodu. Sk\u0142ad T3SUCS 7777+7778 mija miejscowy zamek. [05.08.2007]<\/p>\n","protected":false},"author":1,"featured_media":18376,"comment_status":"open","ping_status":"","sticky":false,"template":"","format":"standard","meta":{"footnotes":""},"categories":[62,96,3],"tags":[2280,902,906,675,1011],"class_list":["post-18375","post","type-post","status-publish","format-standard","has-post-thumbnail","hentry","category-analog","category-rok-2007","category-tramwaj","tag-2007-08-05","tag-bratyslawa","tag-dp-bratislava","tag-slowacja","tag-tatra-t3"],"_links":{"self":[{"href":"http:\/\/wgphoto.pl\/t\/index.php?rest_route=\/wp\/v2\/posts\/18375","targetHints":{"allow":["GET"]}}],"collection":[{"href":"http:\/\/wgphoto.pl\/t\/index.php?rest_route=\/wp\/v2\/posts"}],"about":[{"href":"http:\/\/wgphoto.pl\/t\/index.php?rest_route=\/wp\/v2\/types\/post"}],"author":[{"embeddable":true,"href":"http:\/\/wgphoto.pl\/t\/index.php?rest_route=\/wp\/v2\/users\/1"}],"replies":[{"embeddable":true,"href":"http:\/\/wgphoto.pl\/t\/index.php?rest_route=%2Fwp%2Fv2%2Fcomments&post=18375"}],"version-history":[{"count":1,"href":"http:\/\/wgphoto.pl\/t\/index.php?rest_route=\/wp\/v2\/posts\/18375\/revisions"}],"predecessor-version":[{"id":18377,"href":"http:\/\/wgphoto.pl\/t\/index.php?rest_route=\/wp\/v2\/posts\/18375\/revisions\/18377"}],"wp:featuredmedia":[{"embeddable":true,"href":"http:\/\/wgphoto.pl\/t\/index.php?rest_route=\/wp\/v2\/media\/18376"}],"wp:attachment":[{"href":"http:\/\/wgphoto.pl\/t\/index.php?rest_route=%2Fwp%2Fv2%2Fmedia&parent=18375"}],"wp:term":[{"taxonomy":"category","embeddable":true,"href":"http:\/\/wgphoto.pl\/t\/index.php?rest_route=%2Fwp%2Fv2%2Fcategories&post=18375"},{"taxonomy":"post_tag","embeddable":true,"href":"http:\/\/wgphoto.pl\/t\/index.php?rest_route=%2Fwp%2Fv2%2Ftags&post=18375"}],"curies":[{"name":"wp","href":"https:\/\/api.w.org\/{rel}","templated":true}]}}