{"id":1841,"date":"2024-10-06T21:09:42","date_gmt":"2024-10-06T19:09:42","guid":{"rendered":"https:\/\/wgphoto.pl\/t\/?p=1841"},"modified":"2024-10-06T21:09:42","modified_gmt":"2024-10-06T19:09:42","slug":"bukareszt-swiatowy","status":"publish","type":"post","link":"http:\/\/wgphoto.pl\/t\/?p=1841","title":{"rendered":"Bukareszt \u015bwiatowy"},"content":{"rendered":"\n<figure class=\"wp-block-image aligncenter size-full\"><img loading=\"lazy\" decoding=\"async\" width=\"700\" height=\"1057\" src=\"http:\/\/wgphoto.pl\/t\/wp-content\/uploads\/2024\/10\/IMGP5307.jpg\" alt=\"\" class=\"wp-image-1842\"\/><\/figure>\n\n\n\n<div class=\"wp-block-group has-global-padding is-layout-constrained wp-block-group-is-layout-constrained\">\n<p>Bukareszt, Pasajul Basarab. Budowa mostu nad dworcem p\u00f3\u0142nocnym jest chyba najnowsz\u0105 inwestycj\u0105 tramwajow\u0105 w stolicy Rumunii. To jedno z niewielu miejsc, gdzie mo\u017cna si\u0119 rozp\u0119dzi\u0107 do rozs\u0105dnych pr\u0119dko\u015bci. 15.10.2019<\/p>\n<\/div>\n","protected":false},"excerpt":{"rendered":"<p>Bukareszt, Pasajul Basarab. Budowa mostu nad dworcem p\u00f3\u0142nocnym jest chyba najnowsz\u0105 inwestycj\u0105 tramwajow\u0105 w stolicy Rumunii. To jedno z niewielu miejsc, gdzie mo\u017cna si\u0119 rozp\u0119dzi\u0107 do rozs\u0105dnych pr\u0119dko\u015bci. 15.10.2019<\/p>\n","protected":false},"author":1,"featured_media":1842,"comment_status":"open","ping_status":"","sticky":false,"template":"","format":"standard","meta":{"footnotes":""},"categories":[128,136,3],"tags":[967,965,45,574,966,575],"class_list":["post-1841","post","type-post","status-publish","format-standard","has-post-thumbnail","hentry","category-pionowe","category-rok-2019","category-tramwaj","tag-2019-10-15","tag-bukareszt","tag-most","tag-rumunia","tag-stb-bucuresti","tag-wakacje-2019"],"_links":{"self":[{"href":"http:\/\/wgphoto.pl\/t\/index.php?rest_route=\/wp\/v2\/posts\/1841","targetHints":{"allow":["GET"]}}],"collection":[{"href":"http:\/\/wgphoto.pl\/t\/index.php?rest_route=\/wp\/v2\/posts"}],"about":[{"href":"http:\/\/wgphoto.pl\/t\/index.php?rest_route=\/wp\/v2\/types\/post"}],"author":[{"embeddable":true,"href":"http:\/\/wgphoto.pl\/t\/index.php?rest_route=\/wp\/v2\/users\/1"}],"replies":[{"embeddable":true,"href":"http:\/\/wgphoto.pl\/t\/index.php?rest_route=%2Fwp%2Fv2%2Fcomments&post=1841"}],"version-history":[{"count":1,"href":"http:\/\/wgphoto.pl\/t\/index.php?rest_route=\/wp\/v2\/posts\/1841\/revisions"}],"predecessor-version":[{"id":1843,"href":"http:\/\/wgphoto.pl\/t\/index.php?rest_route=\/wp\/v2\/posts\/1841\/revisions\/1843"}],"wp:featuredmedia":[{"embeddable":true,"href":"http:\/\/wgphoto.pl\/t\/index.php?rest_route=\/wp\/v2\/media\/1842"}],"wp:attachment":[{"href":"http:\/\/wgphoto.pl\/t\/index.php?rest_route=%2Fwp%2Fv2%2Fmedia&parent=1841"}],"wp:term":[{"taxonomy":"category","embeddable":true,"href":"http:\/\/wgphoto.pl\/t\/index.php?rest_route=%2Fwp%2Fv2%2Fcategories&post=1841"},{"taxonomy":"post_tag","embeddable":true,"href":"http:\/\/wgphoto.pl\/t\/index.php?rest_route=%2Fwp%2Fv2%2Ftags&post=1841"}],"curies":[{"name":"wp","href":"https:\/\/api.w.org\/{rel}","templated":true}]}}