{"id":18421,"date":"2025-06-10T17:57:08","date_gmt":"2025-06-10T15:57:08","guid":{"rendered":"https:\/\/wgphoto.pl\/t\/?p=18421"},"modified":"2025-06-10T17:57:08","modified_gmt":"2025-06-10T15:57:08","slug":"brnenska-mijanka","status":"publish","type":"post","link":"http:\/\/wgphoto.pl\/t\/?p=18421","title":{"rendered":"Brne\u0144ska mijanka"},"content":{"rendered":"\n<figure class=\"wp-block-image aligncenter size-full\"><img loading=\"lazy\" decoding=\"async\" width=\"1200\" height=\"900\" src=\"https:\/\/wgphoto.pl\/t\/wp-content\/uploads\/2025\/06\/DSCF7535.jpg\" alt=\"\" class=\"wp-image-18422\" srcset=\"http:\/\/wgphoto.pl\/t\/wp-content\/uploads\/2025\/06\/DSCF7535.jpg 1200w, http:\/\/wgphoto.pl\/t\/wp-content\/uploads\/2025\/06\/DSCF7535-300x225.jpg 300w, http:\/\/wgphoto.pl\/t\/wp-content\/uploads\/2025\/06\/DSCF7535-768x576.jpg 768w\" sizes=\"auto, (max-width: 1200px) 100vw, 1200px\" \/><\/figure>\n\n\n\n<div class=\"wp-block-group has-global-padding is-layout-constrained wp-block-group-is-layout-constrained\">\n<p>Brno, Kone\u010dn\u00e9ho n\u00e1m\u011bst\u00ed, mijanka Tatr T6A5. Uwa\u017cny obserwator dostrze\u017ce na sieci znak zakazu mijania tramwaj\u00f3w typu KT8, kt\u00f3re r\u00f3\u017cni\u0105 si\u0119 od widocznych na zdj\u0119ciu mniejszymi skosami i tym samym szerszym przodem. [12.09.2008]<\/p>\n<\/div>\n","protected":false},"excerpt":{"rendered":"<p>Brno, Kone\u010dn\u00e9ho n\u00e1m\u011bst\u00ed, mijanka Tatr T6A5. Uwa\u017cny obserwator dostrze\u017ce na sieci znak zakazu mijania tramwaj\u00f3w typu KT8, kt\u00f3re r\u00f3\u017cni\u0105 si\u0119 od widocznych na zdj\u0119ciu mniejszymi skosami i tym samym szerszym przodem. [12.09.2008]<\/p>\n","protected":false},"author":1,"featured_media":18422,"comment_status":"open","ping_status":"","sticky":false,"template":"","format":"standard","meta":{"footnotes":""},"categories":[120,3],"tags":[329,34,328,49,330,389,841],"class_list":["post-18421","post","type-post","status-publish","format-standard","has-post-thumbnail","hentry","category-rok-2008","category-tramwaj","tag-2008-09-12","tag-architektura","tag-brno","tag-czechy","tag-dpmb-brno","tag-mijanka","tag-tatra-t6"],"_links":{"self":[{"href":"http:\/\/wgphoto.pl\/t\/index.php?rest_route=\/wp\/v2\/posts\/18421","targetHints":{"allow":["GET"]}}],"collection":[{"href":"http:\/\/wgphoto.pl\/t\/index.php?rest_route=\/wp\/v2\/posts"}],"about":[{"href":"http:\/\/wgphoto.pl\/t\/index.php?rest_route=\/wp\/v2\/types\/post"}],"author":[{"embeddable":true,"href":"http:\/\/wgphoto.pl\/t\/index.php?rest_route=\/wp\/v2\/users\/1"}],"replies":[{"embeddable":true,"href":"http:\/\/wgphoto.pl\/t\/index.php?rest_route=%2Fwp%2Fv2%2Fcomments&post=18421"}],"version-history":[{"count":1,"href":"http:\/\/wgphoto.pl\/t\/index.php?rest_route=\/wp\/v2\/posts\/18421\/revisions"}],"predecessor-version":[{"id":18423,"href":"http:\/\/wgphoto.pl\/t\/index.php?rest_route=\/wp\/v2\/posts\/18421\/revisions\/18423"}],"wp:featuredmedia":[{"embeddable":true,"href":"http:\/\/wgphoto.pl\/t\/index.php?rest_route=\/wp\/v2\/media\/18422"}],"wp:attachment":[{"href":"http:\/\/wgphoto.pl\/t\/index.php?rest_route=%2Fwp%2Fv2%2Fmedia&parent=18421"}],"wp:term":[{"taxonomy":"category","embeddable":true,"href":"http:\/\/wgphoto.pl\/t\/index.php?rest_route=%2Fwp%2Fv2%2Fcategories&post=18421"},{"taxonomy":"post_tag","embeddable":true,"href":"http:\/\/wgphoto.pl\/t\/index.php?rest_route=%2Fwp%2Fv2%2Ftags&post=18421"}],"curies":[{"name":"wp","href":"https:\/\/api.w.org\/{rel}","templated":true}]}}