{"id":1844,"date":"2024-10-06T21:10:46","date_gmt":"2024-10-06T19:10:46","guid":{"rendered":"https:\/\/wgphoto.pl\/t\/?p=1844"},"modified":"2024-10-06T21:10:46","modified_gmt":"2024-10-06T19:10:46","slug":"bukareszt-krajowy","status":"publish","type":"post","link":"http:\/\/wgphoto.pl\/t\/?p=1844","title":{"rendered":"Bukareszt krajowy"},"content":{"rendered":"\n<figure class=\"wp-block-image aligncenter size-full\"><img loading=\"lazy\" decoding=\"async\" width=\"1200\" height=\"800\" src=\"https:\/\/wgphoto.pl\/t\/wp-content\/uploads\/2024\/10\/IMGP5495.jpg\" alt=\"\" class=\"wp-image-1845\" srcset=\"http:\/\/wgphoto.pl\/t\/wp-content\/uploads\/2024\/10\/IMGP5495.jpg 1200w, http:\/\/wgphoto.pl\/t\/wp-content\/uploads\/2024\/10\/IMGP5495-300x200.jpg 300w, http:\/\/wgphoto.pl\/t\/wp-content\/uploads\/2024\/10\/IMGP5495-768x512.jpg 768w\" sizes=\"auto, (max-width: 1200px) 100vw, 1200px\" \/><\/figure>\n\n\n\n<div class=\"wp-block-group has-global-padding is-layout-constrained wp-block-group-is-layout-constrained\">\n<p>Bukareszt, Pia\u021ba Sf\u00e2nta Vineri. Jeden z nielicznych dwukierunkowc\u00f3w ko\u0144czy kurs jedynej chyba linii wymagaj\u0105cej stosowanie takich wagon\u00f3w ze wzgl\u0119du na \u015blepy, przeciwleg\u0142y kraniec. A w tle przedstawiciel standardowej rumu\u0144skiej architektury mieszkaniowej. 15.10.2019<\/p>\n<\/div>\n","protected":false},"excerpt":{"rendered":"<p>Bukareszt, Pia\u021ba Sf\u00e2nta Vineri. Jeden z nielicznych dwukierunkowc\u00f3w ko\u0144czy kurs jedynej chyba linii wymagaj\u0105cej stosowanie takich wagon\u00f3w ze wzgl\u0119du na \u015blepy, przeciwleg\u0142y kraniec. A w tle przedstawiciel standardowej rumu\u0144skiej architektury mieszkaniowej. 15.10.2019<\/p>\n","protected":false},"author":1,"featured_media":1845,"comment_status":"open","ping_status":"","sticky":false,"template":"","format":"standard","meta":{"footnotes":""},"categories":[136,3],"tags":[967,34,965,574,966,575],"class_list":["post-1844","post","type-post","status-publish","format-standard","has-post-thumbnail","hentry","category-rok-2019","category-tramwaj","tag-2019-10-15","tag-architektura","tag-bukareszt","tag-rumunia","tag-stb-bucuresti","tag-wakacje-2019"],"_links":{"self":[{"href":"http:\/\/wgphoto.pl\/t\/index.php?rest_route=\/wp\/v2\/posts\/1844","targetHints":{"allow":["GET"]}}],"collection":[{"href":"http:\/\/wgphoto.pl\/t\/index.php?rest_route=\/wp\/v2\/posts"}],"about":[{"href":"http:\/\/wgphoto.pl\/t\/index.php?rest_route=\/wp\/v2\/types\/post"}],"author":[{"embeddable":true,"href":"http:\/\/wgphoto.pl\/t\/index.php?rest_route=\/wp\/v2\/users\/1"}],"replies":[{"embeddable":true,"href":"http:\/\/wgphoto.pl\/t\/index.php?rest_route=%2Fwp%2Fv2%2Fcomments&post=1844"}],"version-history":[{"count":1,"href":"http:\/\/wgphoto.pl\/t\/index.php?rest_route=\/wp\/v2\/posts\/1844\/revisions"}],"predecessor-version":[{"id":1846,"href":"http:\/\/wgphoto.pl\/t\/index.php?rest_route=\/wp\/v2\/posts\/1844\/revisions\/1846"}],"wp:featuredmedia":[{"embeddable":true,"href":"http:\/\/wgphoto.pl\/t\/index.php?rest_route=\/wp\/v2\/media\/1845"}],"wp:attachment":[{"href":"http:\/\/wgphoto.pl\/t\/index.php?rest_route=%2Fwp%2Fv2%2Fmedia&parent=1844"}],"wp:term":[{"taxonomy":"category","embeddable":true,"href":"http:\/\/wgphoto.pl\/t\/index.php?rest_route=%2Fwp%2Fv2%2Fcategories&post=1844"},{"taxonomy":"post_tag","embeddable":true,"href":"http:\/\/wgphoto.pl\/t\/index.php?rest_route=%2Fwp%2Fv2%2Ftags&post=1844"}],"curies":[{"name":"wp","href":"https:\/\/api.w.org\/{rel}","templated":true}]}}