{"id":18448,"date":"2025-06-10T23:04:49","date_gmt":"2025-06-10T21:04:49","guid":{"rendered":"https:\/\/wgphoto.pl\/t\/?p=18448"},"modified":"2025-06-10T23:04:49","modified_gmt":"2025-06-10T21:04:49","slug":"rzadka-data","status":"publish","type":"post","link":"http:\/\/wgphoto.pl\/t\/?p=18448","title":{"rendered":"Rzadka data"},"content":{"rendered":"\n<figure class=\"wp-block-image aligncenter size-full\"><img loading=\"lazy\" decoding=\"async\" width=\"700\" height=\"1056\" src=\"https:\/\/wgphoto.pl\/t\/wp-content\/uploads\/2025\/06\/0403-06.jpg\" alt=\"\" class=\"wp-image-18449\" srcset=\"http:\/\/wgphoto.pl\/t\/wp-content\/uploads\/2025\/06\/0403-06.jpg 700w, http:\/\/wgphoto.pl\/t\/wp-content\/uploads\/2025\/06\/0403-06-199x300.jpg 199w\" sizes=\"auto, (max-width: 700px) 100vw, 700px\" \/><\/figure>\n\n\n\n<div class=\"wp-block-group has-global-padding is-layout-constrained wp-block-group-is-layout-constrained\">\n<p>Wroc\u0142aw, pl. gen. Walerego Wr\u00f3blewskiego. Na przystankach stoj\u0105 sk\u0142ady 105Na 2534+2533 i 2456+2455. [29.02.2004]<\/p>\n<\/div>\n","protected":false},"excerpt":{"rendered":"<p>Wroc\u0142aw, pl. gen. Walerego Wr\u00f3blewskiego. Na przystankach stoj\u0105 sk\u0142ady 105Na 2534+2533 i 2456+2455. [29.02.2004]<\/p>\n","protected":false},"author":1,"featured_media":18449,"comment_status":"open","ping_status":"","sticky":false,"template":"","format":"standard","meta":{"footnotes":""},"categories":[62,128,61,3],"tags":[155,3988,389,42,27,41],"class_list":["post-18448","post","type-post","status-publish","format-standard","has-post-thumbnail","hentry","category-analog","category-pionowe","category-rok-2004","category-tramwaj","tag-105na","tag-2004-02-29","tag-mijanka","tag-mpk-wroclaw","tag-polska","tag-wroclaw"],"_links":{"self":[{"href":"http:\/\/wgphoto.pl\/t\/index.php?rest_route=\/wp\/v2\/posts\/18448","targetHints":{"allow":["GET"]}}],"collection":[{"href":"http:\/\/wgphoto.pl\/t\/index.php?rest_route=\/wp\/v2\/posts"}],"about":[{"href":"http:\/\/wgphoto.pl\/t\/index.php?rest_route=\/wp\/v2\/types\/post"}],"author":[{"embeddable":true,"href":"http:\/\/wgphoto.pl\/t\/index.php?rest_route=\/wp\/v2\/users\/1"}],"replies":[{"embeddable":true,"href":"http:\/\/wgphoto.pl\/t\/index.php?rest_route=%2Fwp%2Fv2%2Fcomments&post=18448"}],"version-history":[{"count":1,"href":"http:\/\/wgphoto.pl\/t\/index.php?rest_route=\/wp\/v2\/posts\/18448\/revisions"}],"predecessor-version":[{"id":18450,"href":"http:\/\/wgphoto.pl\/t\/index.php?rest_route=\/wp\/v2\/posts\/18448\/revisions\/18450"}],"wp:featuredmedia":[{"embeddable":true,"href":"http:\/\/wgphoto.pl\/t\/index.php?rest_route=\/wp\/v2\/media\/18449"}],"wp:attachment":[{"href":"http:\/\/wgphoto.pl\/t\/index.php?rest_route=%2Fwp%2Fv2%2Fmedia&parent=18448"}],"wp:term":[{"taxonomy":"category","embeddable":true,"href":"http:\/\/wgphoto.pl\/t\/index.php?rest_route=%2Fwp%2Fv2%2Fcategories&post=18448"},{"taxonomy":"post_tag","embeddable":true,"href":"http:\/\/wgphoto.pl\/t\/index.php?rest_route=%2Fwp%2Fv2%2Ftags&post=18448"}],"curies":[{"name":"wp","href":"https:\/\/api.w.org\/{rel}","templated":true}]}}