{"id":18454,"date":"2025-06-10T23:07:12","date_gmt":"2025-06-10T21:07:12","guid":{"rendered":"https:\/\/wgphoto.pl\/t\/?p=18454"},"modified":"2025-06-10T23:07:12","modified_gmt":"2025-06-10T21:07:12","slug":"falowanie-i-spadanie-3","status":"publish","type":"post","link":"http:\/\/wgphoto.pl\/t\/?p=18454","title":{"rendered":"Falowanie i spadanie"},"content":{"rendered":"\n<figure class=\"wp-block-image aligncenter size-full\"><img loading=\"lazy\" decoding=\"async\" width=\"1300\" height=\"861\" src=\"https:\/\/wgphoto.pl\/t\/wp-content\/uploads\/2025\/06\/IMGP2443.jpg\" alt=\"\" class=\"wp-image-18455\" srcset=\"http:\/\/wgphoto.pl\/t\/wp-content\/uploads\/2025\/06\/IMGP2443.jpg 1300w, http:\/\/wgphoto.pl\/t\/wp-content\/uploads\/2025\/06\/IMGP2443-300x199.jpg 300w, http:\/\/wgphoto.pl\/t\/wp-content\/uploads\/2025\/06\/IMGP2443-768x509.jpg 768w\" sizes=\"auto, (max-width: 1300px) 100vw, 1300px\" \/><\/figure>\n\n\n\n<div class=\"wp-block-group has-global-padding is-layout-constrained wp-block-group-is-layout-constrained\">\n<p>Ostrawa, ul. 28. \u0159\u00edjna, mijanka \u0160kody 03T nr 1207 z Vario LFR.E nr 1341. [14.08.2017]<\/p>\n<\/div>\n","protected":false},"excerpt":{"rendered":"<p>Ostrawa, ul. 28. \u0159\u00edjna, mijanka \u0160kody 03T nr 1207 z Vario LFR.E nr 1341. [14.08.2017]<\/p>\n","protected":false},"author":1,"featured_media":18455,"comment_status":"open","ping_status":"","sticky":false,"template":"","format":"standard","meta":{"footnotes":""},"categories":[368,3],"tags":[900,49,899,389,897,118,1098,1243],"class_list":["post-18454","post","type-post","status-publish","format-standard","has-post-thumbnail","hentry","category-rok-2017","category-tramwaj","tag-2017-08-14","tag-czechy","tag-dp-ostrava","tag-mijanka","tag-ostrawa","tag-plany-i-profile","tag-skoda-03t","tag-vario-lf"],"_links":{"self":[{"href":"http:\/\/wgphoto.pl\/t\/index.php?rest_route=\/wp\/v2\/posts\/18454","targetHints":{"allow":["GET"]}}],"collection":[{"href":"http:\/\/wgphoto.pl\/t\/index.php?rest_route=\/wp\/v2\/posts"}],"about":[{"href":"http:\/\/wgphoto.pl\/t\/index.php?rest_route=\/wp\/v2\/types\/post"}],"author":[{"embeddable":true,"href":"http:\/\/wgphoto.pl\/t\/index.php?rest_route=\/wp\/v2\/users\/1"}],"replies":[{"embeddable":true,"href":"http:\/\/wgphoto.pl\/t\/index.php?rest_route=%2Fwp%2Fv2%2Fcomments&post=18454"}],"version-history":[{"count":1,"href":"http:\/\/wgphoto.pl\/t\/index.php?rest_route=\/wp\/v2\/posts\/18454\/revisions"}],"predecessor-version":[{"id":18456,"href":"http:\/\/wgphoto.pl\/t\/index.php?rest_route=\/wp\/v2\/posts\/18454\/revisions\/18456"}],"wp:featuredmedia":[{"embeddable":true,"href":"http:\/\/wgphoto.pl\/t\/index.php?rest_route=\/wp\/v2\/media\/18455"}],"wp:attachment":[{"href":"http:\/\/wgphoto.pl\/t\/index.php?rest_route=%2Fwp%2Fv2%2Fmedia&parent=18454"}],"wp:term":[{"taxonomy":"category","embeddable":true,"href":"http:\/\/wgphoto.pl\/t\/index.php?rest_route=%2Fwp%2Fv2%2Fcategories&post=18454"},{"taxonomy":"post_tag","embeddable":true,"href":"http:\/\/wgphoto.pl\/t\/index.php?rest_route=%2Fwp%2Fv2%2Ftags&post=18454"}],"curies":[{"name":"wp","href":"https:\/\/api.w.org\/{rel}","templated":true}]}}