{"id":1847,"date":"2024-10-06T21:12:07","date_gmt":"2024-10-06T19:12:07","guid":{"rendered":"https:\/\/wgphoto.pl\/t\/?p=1847"},"modified":"2024-12-08T17:55:25","modified_gmt":"2024-12-08T16:55:25","slug":"jesien-w-siedmiogrodzie","status":"publish","type":"post","link":"http:\/\/wgphoto.pl\/t\/?p=1847","title":{"rendered":"Jesie\u0144 w Siedmiogrodzie"},"content":{"rendered":"\n<figure class=\"wp-block-image aligncenter size-full\"><img loading=\"lazy\" decoding=\"async\" width=\"1200\" height=\"795\" src=\"https:\/\/wgphoto.pl\/t\/wp-content\/uploads\/2024\/10\/IMGP6258.jpg\" alt=\"\" class=\"wp-image-1848\" srcset=\"http:\/\/wgphoto.pl\/t\/wp-content\/uploads\/2024\/10\/IMGP6258.jpg 1200w, http:\/\/wgphoto.pl\/t\/wp-content\/uploads\/2024\/10\/IMGP6258-300x199.jpg 300w, http:\/\/wgphoto.pl\/t\/wp-content\/uploads\/2024\/10\/IMGP6258-768x509.jpg 768w\" sizes=\"auto, (max-width: 1200px) 100vw, 1200px\" \/><\/figure>\n\n\n\n<div class=\"wp-block-group has-global-padding is-layout-constrained wp-block-group-is-layout-constrained\">\n<p>Odcinek Dorol\u021bu &#8211; Mac\u0103u. Poci\u0105g IR 367 relacji Budapest-Keleti &#8211; Bra\u0219ov (zapewne wagony bezpo\u015brednie do Bukaresztu, na terenie W\u0119gier jad\u0105ce jako IC), prowadzony zmodernizowanym Rumunem 64.0922-6, przemierza jesienn\u0105 Transylwani\u0119. 20.10.2019<\/p>\n<\/div>\n","protected":false},"excerpt":{"rendered":"<p>Odcinek Dorol\u021bu &#8211; Mac\u0103u. Poci\u0105g IR 367 relacji Budapest-Keleti &#8211; Bra\u0219ov (zapewne wagony bezpo\u015brednie do Bukaresztu, na terenie W\u0119gier jad\u0105ce jako IC), prowadzony zmodernizowanym Rumunem 64.0922-6, przemierza jesienn\u0105 Transylwani\u0119. 20.10.2019<\/p>\n","protected":false},"author":1,"featured_media":1848,"comment_status":"open","ping_status":"","sticky":false,"template":"","format":"standard","meta":{"footnotes":""},"categories":[2,136],"tags":[968,961,958,969,126,970,574,575],"class_list":["post-1847","post","type-post","status-publish","format-standard","has-post-thumbnail","hentry","category-kolej","category-rok-2019","tag-2019-10-20","tag-961","tag-cfr","tag-doroltu","tag-jesien","tag-macau","tag-rumunia","tag-wakacje-2019"],"_links":{"self":[{"href":"http:\/\/wgphoto.pl\/t\/index.php?rest_route=\/wp\/v2\/posts\/1847","targetHints":{"allow":["GET"]}}],"collection":[{"href":"http:\/\/wgphoto.pl\/t\/index.php?rest_route=\/wp\/v2\/posts"}],"about":[{"href":"http:\/\/wgphoto.pl\/t\/index.php?rest_route=\/wp\/v2\/types\/post"}],"author":[{"embeddable":true,"href":"http:\/\/wgphoto.pl\/t\/index.php?rest_route=\/wp\/v2\/users\/1"}],"replies":[{"embeddable":true,"href":"http:\/\/wgphoto.pl\/t\/index.php?rest_route=%2Fwp%2Fv2%2Fcomments&post=1847"}],"version-history":[{"count":1,"href":"http:\/\/wgphoto.pl\/t\/index.php?rest_route=\/wp\/v2\/posts\/1847\/revisions"}],"predecessor-version":[{"id":1849,"href":"http:\/\/wgphoto.pl\/t\/index.php?rest_route=\/wp\/v2\/posts\/1847\/revisions\/1849"}],"wp:featuredmedia":[{"embeddable":true,"href":"http:\/\/wgphoto.pl\/t\/index.php?rest_route=\/wp\/v2\/media\/1848"}],"wp:attachment":[{"href":"http:\/\/wgphoto.pl\/t\/index.php?rest_route=%2Fwp%2Fv2%2Fmedia&parent=1847"}],"wp:term":[{"taxonomy":"category","embeddable":true,"href":"http:\/\/wgphoto.pl\/t\/index.php?rest_route=%2Fwp%2Fv2%2Fcategories&post=1847"},{"taxonomy":"post_tag","embeddable":true,"href":"http:\/\/wgphoto.pl\/t\/index.php?rest_route=%2Fwp%2Fv2%2Ftags&post=1847"}],"curies":[{"name":"wp","href":"https:\/\/api.w.org\/{rel}","templated":true}]}}