{"id":1850,"date":"2024-10-06T21:38:17","date_gmt":"2024-10-06T19:38:17","guid":{"rendered":"https:\/\/wgphoto.pl\/t\/?p=1850"},"modified":"2024-11-29T19:01:21","modified_gmt":"2024-11-29T18:01:21","slug":"miejski-zabol","status":"publish","type":"post","link":"http:\/\/wgphoto.pl\/t\/?p=1850","title":{"rendered":"Miejski \u017cabol"},"content":{"rendered":"\n<figure class=\"wp-block-image aligncenter size-full\"><img loading=\"lazy\" decoding=\"async\" width=\"1025\" height=\"683\" src=\"https:\/\/wgphoto.pl\/t\/wp-content\/uploads\/2024\/10\/0814-08a.jpg\" alt=\"\" class=\"wp-image-1851\" srcset=\"http:\/\/wgphoto.pl\/t\/wp-content\/uploads\/2024\/10\/0814-08a.jpg 1025w, http:\/\/wgphoto.pl\/t\/wp-content\/uploads\/2024\/10\/0814-08a-300x200.jpg 300w, http:\/\/wgphoto.pl\/t\/wp-content\/uploads\/2024\/10\/0814-08a-768x512.jpg 768w\" sizes=\"auto, (max-width: 1025px) 100vw, 1025px\" \/><\/figure>\n\n\n\n<div class=\"wp-block-group has-global-padding is-layout-constrained wp-block-group-is-layout-constrained\">\n<p>Praha hl.n. <em>City Frog<\/em> 451 046-7 poprowadzi nocn\u0105 podmiejsk\u0105 osob\u00f3wk\u0119 9964 do Berouna. [2008-09-11]<\/p>\n<\/div>\n","protected":false},"excerpt":{"rendered":"<p>Praha hl.n. City Frog 451 046-7 poprowadzi nocn\u0105 podmiejsk\u0105 osob\u00f3wk\u0119 9964 do Berouna. [2008-09-11]<\/p>\n","protected":false},"author":1,"featured_media":1851,"comment_status":"open","ping_status":"","sticky":false,"template":"","format":"standard","meta":{"footnotes":""},"categories":[62,2,120],"tags":[715,972,50,49,2447,179,154,52,703],"class_list":["post-1850","post","type-post","status-publish","format-standard","has-post-thumbnail","hentry","category-analog","category-kolej","category-rok-2008","tag-2008-09-11","tag-972","tag-cd","tag-czechy","tag-dworzec-glowny-w-stolicy","tag-hala-peronowa","tag-noc","tag-praga","tag-praha-hlavni-nadrazi"],"_links":{"self":[{"href":"http:\/\/wgphoto.pl\/t\/index.php?rest_route=\/wp\/v2\/posts\/1850","targetHints":{"allow":["GET"]}}],"collection":[{"href":"http:\/\/wgphoto.pl\/t\/index.php?rest_route=\/wp\/v2\/posts"}],"about":[{"href":"http:\/\/wgphoto.pl\/t\/index.php?rest_route=\/wp\/v2\/types\/post"}],"author":[{"embeddable":true,"href":"http:\/\/wgphoto.pl\/t\/index.php?rest_route=\/wp\/v2\/users\/1"}],"replies":[{"embeddable":true,"href":"http:\/\/wgphoto.pl\/t\/index.php?rest_route=%2Fwp%2Fv2%2Fcomments&post=1850"}],"version-history":[{"count":1,"href":"http:\/\/wgphoto.pl\/t\/index.php?rest_route=\/wp\/v2\/posts\/1850\/revisions"}],"predecessor-version":[{"id":1852,"href":"http:\/\/wgphoto.pl\/t\/index.php?rest_route=\/wp\/v2\/posts\/1850\/revisions\/1852"}],"wp:featuredmedia":[{"embeddable":true,"href":"http:\/\/wgphoto.pl\/t\/index.php?rest_route=\/wp\/v2\/media\/1851"}],"wp:attachment":[{"href":"http:\/\/wgphoto.pl\/t\/index.php?rest_route=%2Fwp%2Fv2%2Fmedia&parent=1850"}],"wp:term":[{"taxonomy":"category","embeddable":true,"href":"http:\/\/wgphoto.pl\/t\/index.php?rest_route=%2Fwp%2Fv2%2Fcategories&post=1850"},{"taxonomy":"post_tag","embeddable":true,"href":"http:\/\/wgphoto.pl\/t\/index.php?rest_route=%2Fwp%2Fv2%2Ftags&post=1850"}],"curies":[{"name":"wp","href":"https:\/\/api.w.org\/{rel}","templated":true}]}}