{"id":18504,"date":"2025-06-11T16:56:18","date_gmt":"2025-06-11T14:56:18","guid":{"rendered":"https:\/\/wgphoto.pl\/t\/?p=18504"},"modified":"2025-06-11T16:56:18","modified_gmt":"2025-06-11T14:56:18","slug":"w-jaskini-lwa-2","status":"publish","type":"post","link":"http:\/\/wgphoto.pl\/t\/?p=18504","title":{"rendered":"W jaskini lwa"},"content":{"rendered":"\n<figure class=\"wp-block-image aligncenter size-full\"><img loading=\"lazy\" decoding=\"async\" width=\"1300\" height=\"862\" src=\"https:\/\/wgphoto.pl\/t\/wp-content\/uploads\/2025\/06\/0337-11.jpg\" alt=\"\" class=\"wp-image-18505\" srcset=\"http:\/\/wgphoto.pl\/t\/wp-content\/uploads\/2025\/06\/0337-11.jpg 1300w, http:\/\/wgphoto.pl\/t\/wp-content\/uploads\/2025\/06\/0337-11-300x199.jpg 300w, http:\/\/wgphoto.pl\/t\/wp-content\/uploads\/2025\/06\/0337-11-768x509.jpg 768w\" sizes=\"auto, (max-width: 1300px) 100vw, 1300px\" \/><\/figure>\n\n\n\n<div class=\"wp-block-group has-global-padding is-layout-constrained wp-block-group-is-layout-constrained\">\n<p>102Na 2001 i Ikarus 280.26 5294 (oraz Ikarus 5313 i sk\u0142ad 105Na 2436+2435) przy obs\u0142udze linii specjalnych zosta\u0142y z\u0142apane w rejonie przystank\u00f3w przy g\u0142\u00f3wnej bramie Cmentarza Osobowickiego. [01.11.2003]<\/p>\n<\/div>\n","protected":false},"excerpt":{"rendered":"<p>102Na 2001 i Ikarus 280.26 5294 (oraz Ikarus 5313 i sk\u0142ad 105Na 2436+2435) przy obs\u0142udze linii specjalnych zosta\u0142y z\u0142apane w rejonie przystank\u00f3w przy g\u0142\u00f3wnej bramie Cmentarza Osobowickiego. [01.11.2003]<\/p>\n","protected":false},"author":1,"featured_media":18505,"comment_status":"open","ping_status":"","sticky":false,"template":"","format":"standard","meta":{"footnotes":""},"categories":[62,149,3],"tags":[1847,898,309,151,42,27,41,127],"class_list":["post-18504","post","type-post","status-publish","format-standard","has-post-thumbnail","hentry","category-analog","category-rok-2003","category-tramwaj","tag-2003-11-01","tag-autobus","tag-konstal-102na","tag-ludzie","tag-mpk-wroclaw","tag-polska","tag-wroclaw","tag-wroclawskie-e"],"_links":{"self":[{"href":"http:\/\/wgphoto.pl\/t\/index.php?rest_route=\/wp\/v2\/posts\/18504","targetHints":{"allow":["GET"]}}],"collection":[{"href":"http:\/\/wgphoto.pl\/t\/index.php?rest_route=\/wp\/v2\/posts"}],"about":[{"href":"http:\/\/wgphoto.pl\/t\/index.php?rest_route=\/wp\/v2\/types\/post"}],"author":[{"embeddable":true,"href":"http:\/\/wgphoto.pl\/t\/index.php?rest_route=\/wp\/v2\/users\/1"}],"replies":[{"embeddable":true,"href":"http:\/\/wgphoto.pl\/t\/index.php?rest_route=%2Fwp%2Fv2%2Fcomments&post=18504"}],"version-history":[{"count":1,"href":"http:\/\/wgphoto.pl\/t\/index.php?rest_route=\/wp\/v2\/posts\/18504\/revisions"}],"predecessor-version":[{"id":18506,"href":"http:\/\/wgphoto.pl\/t\/index.php?rest_route=\/wp\/v2\/posts\/18504\/revisions\/18506"}],"wp:featuredmedia":[{"embeddable":true,"href":"http:\/\/wgphoto.pl\/t\/index.php?rest_route=\/wp\/v2\/media\/18505"}],"wp:attachment":[{"href":"http:\/\/wgphoto.pl\/t\/index.php?rest_route=%2Fwp%2Fv2%2Fmedia&parent=18504"}],"wp:term":[{"taxonomy":"category","embeddable":true,"href":"http:\/\/wgphoto.pl\/t\/index.php?rest_route=%2Fwp%2Fv2%2Fcategories&post=18504"},{"taxonomy":"post_tag","embeddable":true,"href":"http:\/\/wgphoto.pl\/t\/index.php?rest_route=%2Fwp%2Fv2%2Ftags&post=18504"}],"curies":[{"name":"wp","href":"https:\/\/api.w.org\/{rel}","templated":true}]}}