{"id":18516,"date":"2025-06-11T20:37:29","date_gmt":"2025-06-11T18:37:29","guid":{"rendered":"https:\/\/wgphoto.pl\/t\/?p=18516"},"modified":"2025-06-11T20:37:29","modified_gmt":"2025-06-11T18:37:29","slug":"33plus","status":"publish","type":"post","link":"http:\/\/wgphoto.pl\/t\/?p=18516","title":{"rendered":"33PLUS"},"content":{"rendered":"\n<figure class=\"wp-block-image aligncenter size-full\"><img loading=\"lazy\" decoding=\"async\" width=\"800\" height=\"1000\" src=\"https:\/\/wgphoto.pl\/t\/wp-content\/uploads\/2025\/06\/IMGP4983.jpg\" alt=\"\" class=\"wp-image-18517\" srcset=\"http:\/\/wgphoto.pl\/t\/wp-content\/uploads\/2025\/06\/IMGP4983.jpg 800w, http:\/\/wgphoto.pl\/t\/wp-content\/uploads\/2025\/06\/IMGP4983-240x300.jpg 240w, http:\/\/wgphoto.pl\/t\/wp-content\/uploads\/2025\/06\/IMGP4983-768x960.jpg 768w\" sizes=\"auto, (max-width: 800px) 100vw, 800px\" \/><\/figure>\n\n\n\n<div class=\"wp-block-group has-global-padding is-layout-constrained wp-block-group-is-layout-constrained\">\n<p>Wroc\u0142aw, al. R\u00f3\u017cyckiego. \u0160koda 19T 3122 p\u0119dzi przez Park Szczytnicki tak szybko, \u017ce a\u017c li\u015bcie za sob\u0105 zamiata. [05.11.2011]<\/p>\n<\/div>\n","protected":false},"excerpt":{"rendered":"<p>Wroc\u0142aw, al. R\u00f3\u017cyckiego. \u0160koda 19T 3122 p\u0119dzi przez Park Szczytnicki tak szybko, \u017ce a\u017c li\u015bcie za sob\u0105 zamiata. [05.11.2011]<\/p>\n","protected":false},"author":1,"featured_media":18517,"comment_status":"open","ping_status":"","sticky":false,"template":"","format":"standard","meta":{"footnotes":""},"categories":[128,77,3],"tags":[3398,126,173,42,27,1493,216,41],"class_list":["post-18516","post","type-post","status-publish","format-standard","has-post-thumbnail","hentry","category-pionowe","category-rok-2011","category-tramwaj","tag-2011-11-05","tag-jesien","tag-koncowki","tag-mpk-wroclaw","tag-polska","tag-skoda-19t","tag-skoda-elektra","tag-wroclaw"],"_links":{"self":[{"href":"http:\/\/wgphoto.pl\/t\/index.php?rest_route=\/wp\/v2\/posts\/18516","targetHints":{"allow":["GET"]}}],"collection":[{"href":"http:\/\/wgphoto.pl\/t\/index.php?rest_route=\/wp\/v2\/posts"}],"about":[{"href":"http:\/\/wgphoto.pl\/t\/index.php?rest_route=\/wp\/v2\/types\/post"}],"author":[{"embeddable":true,"href":"http:\/\/wgphoto.pl\/t\/index.php?rest_route=\/wp\/v2\/users\/1"}],"replies":[{"embeddable":true,"href":"http:\/\/wgphoto.pl\/t\/index.php?rest_route=%2Fwp%2Fv2%2Fcomments&post=18516"}],"version-history":[{"count":1,"href":"http:\/\/wgphoto.pl\/t\/index.php?rest_route=\/wp\/v2\/posts\/18516\/revisions"}],"predecessor-version":[{"id":18518,"href":"http:\/\/wgphoto.pl\/t\/index.php?rest_route=\/wp\/v2\/posts\/18516\/revisions\/18518"}],"wp:featuredmedia":[{"embeddable":true,"href":"http:\/\/wgphoto.pl\/t\/index.php?rest_route=\/wp\/v2\/media\/18517"}],"wp:attachment":[{"href":"http:\/\/wgphoto.pl\/t\/index.php?rest_route=%2Fwp%2Fv2%2Fmedia&parent=18516"}],"wp:term":[{"taxonomy":"category","embeddable":true,"href":"http:\/\/wgphoto.pl\/t\/index.php?rest_route=%2Fwp%2Fv2%2Fcategories&post=18516"},{"taxonomy":"post_tag","embeddable":true,"href":"http:\/\/wgphoto.pl\/t\/index.php?rest_route=%2Fwp%2Fv2%2Ftags&post=18516"}],"curies":[{"name":"wp","href":"https:\/\/api.w.org\/{rel}","templated":true}]}}