{"id":1853,"date":"2024-10-06T21:40:47","date_gmt":"2024-10-06T19:40:47","guid":{"rendered":"https:\/\/wgphoto.pl\/t\/?p=1853"},"modified":"2024-10-06T21:40:47","modified_gmt":"2024-10-06T19:40:47","slug":"marciszow-nocny","status":"publish","type":"post","link":"http:\/\/wgphoto.pl\/t\/?p=1853","title":{"rendered":"Marcisz\u00f3w nocny"},"content":{"rendered":"\n<figure class=\"wp-block-image aligncenter size-full\"><img loading=\"lazy\" decoding=\"async\" width=\"1025\" height=\"683\" src=\"https:\/\/wgphoto.pl\/t\/wp-content\/uploads\/2024\/10\/0402-17.jpg\" alt=\"\" class=\"wp-image-1854\" srcset=\"http:\/\/wgphoto.pl\/t\/wp-content\/uploads\/2024\/10\/0402-17.jpg 1025w, http:\/\/wgphoto.pl\/t\/wp-content\/uploads\/2024\/10\/0402-17-300x200.jpg 300w, http:\/\/wgphoto.pl\/t\/wp-content\/uploads\/2024\/10\/0402-17-768x512.jpg 768w\" sizes=\"auto, (max-width: 1025px) 100vw, 1025px\" \/><\/figure>\n\n\n\n<div class=\"wp-block-group has-global-padding is-layout-constrained wp-block-group-is-layout-constrained\">\n<p>SU46-054 z poc. 36521 &#8222;\u015anie\u017cka&#8221; rel. Krak\u00f3w G\u0142. &#8211; Jelenia G\u00f3ra w czasie kr\u00f3tkiego postoju w Marciszowie. Chwil\u0119 wcze\u015bniej nad miejscowo\u015bci\u0105 przesz\u0142a kr\u00f3tka lecz intensywna \u015bnie\u017cyca. [2004-02-08]<\/p>\n<\/div>\n","protected":false},"excerpt":{"rendered":"<p>SU46-054 z poc. 36521 &#8222;\u015anie\u017cka&#8221; rel. Krak\u00f3w G\u0142. &#8211; Jelenia G\u00f3ra w czasie kr\u00f3tkiego postoju w Marciszowie. Chwil\u0119 wcze\u015bniej nad miejscowo\u015bci\u0105 przesz\u0142a kr\u00f3tka lecz intensywna \u015bnie\u017cyca. [2004-02-08]<\/p>\n","protected":false},"author":1,"featured_media":1854,"comment_status":"open","ping_status":"","sticky":false,"template":"","format":"standard","meta":{"footnotes":""},"categories":[62,2,61],"tags":[973,91,83,63,27,44,84,200,90],"class_list":["post-1853","post","type-post","status-publish","format-standard","has-post-thumbnail","hentry","category-analog","category-kolej","category-rok-2004","tag-2004-02-08","tag-blue-hour","tag-marciszow","tag-pkp","tag-polska","tag-snieg","tag-su46","tag-tab-pl240","tag-wieczorem"],"_links":{"self":[{"href":"http:\/\/wgphoto.pl\/t\/index.php?rest_route=\/wp\/v2\/posts\/1853","targetHints":{"allow":["GET"]}}],"collection":[{"href":"http:\/\/wgphoto.pl\/t\/index.php?rest_route=\/wp\/v2\/posts"}],"about":[{"href":"http:\/\/wgphoto.pl\/t\/index.php?rest_route=\/wp\/v2\/types\/post"}],"author":[{"embeddable":true,"href":"http:\/\/wgphoto.pl\/t\/index.php?rest_route=\/wp\/v2\/users\/1"}],"replies":[{"embeddable":true,"href":"http:\/\/wgphoto.pl\/t\/index.php?rest_route=%2Fwp%2Fv2%2Fcomments&post=1853"}],"version-history":[{"count":1,"href":"http:\/\/wgphoto.pl\/t\/index.php?rest_route=\/wp\/v2\/posts\/1853\/revisions"}],"predecessor-version":[{"id":1855,"href":"http:\/\/wgphoto.pl\/t\/index.php?rest_route=\/wp\/v2\/posts\/1853\/revisions\/1855"}],"wp:featuredmedia":[{"embeddable":true,"href":"http:\/\/wgphoto.pl\/t\/index.php?rest_route=\/wp\/v2\/media\/1854"}],"wp:attachment":[{"href":"http:\/\/wgphoto.pl\/t\/index.php?rest_route=%2Fwp%2Fv2%2Fmedia&parent=1853"}],"wp:term":[{"taxonomy":"category","embeddable":true,"href":"http:\/\/wgphoto.pl\/t\/index.php?rest_route=%2Fwp%2Fv2%2Fcategories&post=1853"},{"taxonomy":"post_tag","embeddable":true,"href":"http:\/\/wgphoto.pl\/t\/index.php?rest_route=%2Fwp%2Fv2%2Ftags&post=1853"}],"curies":[{"name":"wp","href":"https:\/\/api.w.org\/{rel}","templated":true}]}}