{"id":18545,"date":"2025-06-11T20:46:02","date_gmt":"2025-06-11T18:46:02","guid":{"rendered":"https:\/\/wgphoto.pl\/t\/?p=18545"},"modified":"2025-06-11T20:46:02","modified_gmt":"2025-06-11T18:46:02","slug":"en57-1145-szewce","status":"publish","type":"post","link":"http:\/\/wgphoto.pl\/t\/?p=18545","title":{"rendered":"EN57-1145, Szewce"},"content":{"rendered":"\n<figure class=\"wp-block-image aligncenter size-full\"><img loading=\"lazy\" decoding=\"async\" width=\"1300\" height=\"862\" src=\"https:\/\/wgphoto.pl\/t\/wp-content\/uploads\/2025\/06\/0533-08.jpg\" alt=\"\" class=\"wp-image-18546\" srcset=\"http:\/\/wgphoto.pl\/t\/wp-content\/uploads\/2025\/06\/0533-08.jpg 1300w, http:\/\/wgphoto.pl\/t\/wp-content\/uploads\/2025\/06\/0533-08-300x199.jpg 300w, http:\/\/wgphoto.pl\/t\/wp-content\/uploads\/2025\/06\/0533-08-768x509.jpg 768w\" sizes=\"auto, (max-width: 1300px) 100vw, 1300px\" \/><\/figure>\n\n\n\n<div class=\"wp-block-group has-global-padding is-layout-constrained wp-block-group-is-layout-constrained\">\n<p>EN57-1145 jako poci\u0105g osobowy 6643 z Wroc\u0142awia G\u0142. do \u017bmigrodu zatrzymuje si\u0119 w Szewcach. [10.12.2005]<\/p>\n<\/div>\n","protected":false},"excerpt":{"rendered":"<p>EN57-1145 jako poci\u0105g osobowy 6643 z Wroc\u0142awia G\u0142. do \u017bmigrodu zatrzymuje si\u0119 w Szewcach. [10.12.2005]<\/p>\n","protected":false},"author":1,"featured_media":18546,"comment_status":"open","ping_status":"","sticky":false,"template":"","format":"standard","meta":{"footnotes":""},"categories":[62,2,311],"tags":[3928,132,63,27,176,2462,190],"class_list":["post-18545","post","type-post","status-publish","format-standard","has-post-thumbnail","hentry","category-analog","category-kolej","category-rok-2005","tag-2005-12-10","tag-en57","tag-pkp","tag-polska","tag-rano","tag-szewce","tag-tab-pl330"],"_links":{"self":[{"href":"http:\/\/wgphoto.pl\/t\/index.php?rest_route=\/wp\/v2\/posts\/18545","targetHints":{"allow":["GET"]}}],"collection":[{"href":"http:\/\/wgphoto.pl\/t\/index.php?rest_route=\/wp\/v2\/posts"}],"about":[{"href":"http:\/\/wgphoto.pl\/t\/index.php?rest_route=\/wp\/v2\/types\/post"}],"author":[{"embeddable":true,"href":"http:\/\/wgphoto.pl\/t\/index.php?rest_route=\/wp\/v2\/users\/1"}],"replies":[{"embeddable":true,"href":"http:\/\/wgphoto.pl\/t\/index.php?rest_route=%2Fwp%2Fv2%2Fcomments&post=18545"}],"version-history":[{"count":1,"href":"http:\/\/wgphoto.pl\/t\/index.php?rest_route=\/wp\/v2\/posts\/18545\/revisions"}],"predecessor-version":[{"id":18547,"href":"http:\/\/wgphoto.pl\/t\/index.php?rest_route=\/wp\/v2\/posts\/18545\/revisions\/18547"}],"wp:featuredmedia":[{"embeddable":true,"href":"http:\/\/wgphoto.pl\/t\/index.php?rest_route=\/wp\/v2\/media\/18546"}],"wp:attachment":[{"href":"http:\/\/wgphoto.pl\/t\/index.php?rest_route=%2Fwp%2Fv2%2Fmedia&parent=18545"}],"wp:term":[{"taxonomy":"category","embeddable":true,"href":"http:\/\/wgphoto.pl\/t\/index.php?rest_route=%2Fwp%2Fv2%2Fcategories&post=18545"},{"taxonomy":"post_tag","embeddable":true,"href":"http:\/\/wgphoto.pl\/t\/index.php?rest_route=%2Fwp%2Fv2%2Ftags&post=18545"}],"curies":[{"name":"wp","href":"https:\/\/api.w.org\/{rel}","templated":true}]}}