{"id":18557,"date":"2025-06-11T20:49:22","date_gmt":"2025-06-11T18:49:22","guid":{"rendered":"https:\/\/wgphoto.pl\/t\/?p=18557"},"modified":"2025-06-11T20:49:22","modified_gmt":"2025-06-11T18:49:22","slug":"ostrawa-gornicze-miasto","status":"publish","type":"post","link":"http:\/\/wgphoto.pl\/t\/?p=18557","title":{"rendered":"Ostrawa &#8211; g\u00f3rnicze miasto"},"content":{"rendered":"\n<figure class=\"wp-block-image aligncenter size-full\"><img loading=\"lazy\" decoding=\"async\" width=\"1300\" height=\"862\" src=\"https:\/\/wgphoto.pl\/t\/wp-content\/uploads\/2025\/06\/0729-14.jpg\" alt=\"\" class=\"wp-image-18558\" srcset=\"http:\/\/wgphoto.pl\/t\/wp-content\/uploads\/2025\/06\/0729-14.jpg 1300w, http:\/\/wgphoto.pl\/t\/wp-content\/uploads\/2025\/06\/0729-14-300x199.jpg 300w, http:\/\/wgphoto.pl\/t\/wp-content\/uploads\/2025\/06\/0729-14-768x509.jpg 768w\" sizes=\"auto, (max-width: 1300px) 100vw, 1300px\" \/><\/figure>\n\n\n\n<div class=\"wp-block-group has-global-padding is-layout-constrained wp-block-group-is-layout-constrained\">\n<p>Nurek 754.031-3 z poci\u0105giem osobowym 3151 relacji Fr\u00fddlant nad Ostravic\u00ed &#8211; Ostrava hl.n. opuszcza remontowan\u0105 oraz elektryfikowan\u0105 w\u00f3wczas stacj\u0119 Ostrava St\u0159ed. Dzi\u015b taki kadr jest nie do powt\u00f3rzenia, poniewa\u017c na pierwszym planie, po lewej, powsta\u0142 kompleks centrum handlowego. [12.09.2007]<\/p>\n<\/div>\n","protected":false},"excerpt":{"rendered":"<p>Nurek 754.031-3 z poci\u0105giem osobowym 3151 relacji Fr\u00fddlant nad Ostravic\u00ed &#8211; Ostrava hl.n. opuszcza remontowan\u0105 oraz elektryfikowan\u0105 w\u00f3wczas stacj\u0119 Ostrava St\u0159ed. Dzi\u015b taki kadr jest nie do powt\u00f3rzenia, poniewa\u017c na pierwszym planie, po lewej, powsta\u0142 kompleks centrum handlowego. [12.09.2007]<\/p>\n","protected":false},"author":1,"featured_media":18558,"comment_status":"open","ping_status":"","sticky":false,"template":"","format":"standard","meta":{"footnotes":""},"categories":[62,2,96],"tags":[1738,335,50,49,2147,303,2081,897,1743],"class_list":["post-18557","post","type-post","status-publish","format-standard","has-post-thumbnail","hentry","category-analog","category-kolej","category-rok-2007","tag-2007-09-12","tag-335","tag-cd","tag-czechy","tag-czechy-po-raz-pierwszy","tag-industrial","tag-ostrava-stred","tag-ostrawa","tag-tab-cz323"],"_links":{"self":[{"href":"http:\/\/wgphoto.pl\/t\/index.php?rest_route=\/wp\/v2\/posts\/18557","targetHints":{"allow":["GET"]}}],"collection":[{"href":"http:\/\/wgphoto.pl\/t\/index.php?rest_route=\/wp\/v2\/posts"}],"about":[{"href":"http:\/\/wgphoto.pl\/t\/index.php?rest_route=\/wp\/v2\/types\/post"}],"author":[{"embeddable":true,"href":"http:\/\/wgphoto.pl\/t\/index.php?rest_route=\/wp\/v2\/users\/1"}],"replies":[{"embeddable":true,"href":"http:\/\/wgphoto.pl\/t\/index.php?rest_route=%2Fwp%2Fv2%2Fcomments&post=18557"}],"version-history":[{"count":1,"href":"http:\/\/wgphoto.pl\/t\/index.php?rest_route=\/wp\/v2\/posts\/18557\/revisions"}],"predecessor-version":[{"id":18559,"href":"http:\/\/wgphoto.pl\/t\/index.php?rest_route=\/wp\/v2\/posts\/18557\/revisions\/18559"}],"wp:featuredmedia":[{"embeddable":true,"href":"http:\/\/wgphoto.pl\/t\/index.php?rest_route=\/wp\/v2\/media\/18558"}],"wp:attachment":[{"href":"http:\/\/wgphoto.pl\/t\/index.php?rest_route=%2Fwp%2Fv2%2Fmedia&parent=18557"}],"wp:term":[{"taxonomy":"category","embeddable":true,"href":"http:\/\/wgphoto.pl\/t\/index.php?rest_route=%2Fwp%2Fv2%2Fcategories&post=18557"},{"taxonomy":"post_tag","embeddable":true,"href":"http:\/\/wgphoto.pl\/t\/index.php?rest_route=%2Fwp%2Fv2%2Ftags&post=18557"}],"curies":[{"name":"wp","href":"https:\/\/api.w.org\/{rel}","templated":true}]}}