{"id":18563,"date":"2025-06-11T20:52:40","date_gmt":"2025-06-11T18:52:40","guid":{"rendered":"https:\/\/wgphoto.pl\/t\/?p=18563"},"modified":"2025-06-11T20:52:40","modified_gmt":"2025-06-11T18:52:40","slug":"ponura-ostrawa","status":"publish","type":"post","link":"http:\/\/wgphoto.pl\/t\/?p=18563","title":{"rendered":"Ponura Ostrawa"},"content":{"rendered":"\n<figure class=\"wp-block-image aligncenter size-full\"><img loading=\"lazy\" decoding=\"async\" width=\"1300\" height=\"862\" src=\"https:\/\/wgphoto.pl\/t\/wp-content\/uploads\/2025\/06\/0729-30.jpg\" alt=\"\" class=\"wp-image-18564\" srcset=\"http:\/\/wgphoto.pl\/t\/wp-content\/uploads\/2025\/06\/0729-30.jpg 1300w, http:\/\/wgphoto.pl\/t\/wp-content\/uploads\/2025\/06\/0729-30-300x199.jpg 300w, http:\/\/wgphoto.pl\/t\/wp-content\/uploads\/2025\/06\/0729-30-768x509.jpg 768w\" sizes=\"auto, (max-width: 1300px) 100vw, 1300px\" \/><\/figure>\n\n\n\n<div class=\"wp-block-group has-global-padding is-layout-constrained wp-block-group-is-layout-constrained\">\n<p>Poci\u0105g SuperCity 511 z Prahy-Hole\u0161ovic, obs\u0142ugiwany jednostk\u0105 680.007, sko\u0144czy\u0142 bieg w Ostravie hl.n. Z prawej strony kadru wygl\u0105da nie\u015bmia\u0142o lokomotywa 742.081. [12.09.2007]<\/p>\n<\/div>\n","protected":false},"excerpt":{"rendered":"<p>Poci\u0105g SuperCity 511 z Prahy-Hole\u0161ovic, obs\u0142ugiwany jednostk\u0105 680.007, sko\u0144czy\u0142 bieg w Ostravie hl.n. Z prawej strony kadru wygl\u0105da nie\u015bmia\u0142o lokomotywa 742.081. [12.09.2007]<\/p>\n","protected":false},"author":1,"featured_media":18564,"comment_status":"open","ping_status":"","sticky":false,"template":"","format":"standard","meta":{"footnotes":""},"categories":[62,2,96],"tags":[1738,496,91,50,49,2147,173,1744,897,754,981],"class_list":["post-18563","post","type-post","status-publish","format-standard","has-post-thumbnail","hentry","category-analog","category-kolej","category-rok-2007","tag-2007-09-12","tag-496","tag-blue-hour","tag-cd","tag-czechy","tag-czechy-po-raz-pierwszy","tag-koncowki","tag-ostrava-hlavni-nadrazi","tag-ostrawa","tag-pendolino","tag-tab-cz270"],"_links":{"self":[{"href":"http:\/\/wgphoto.pl\/t\/index.php?rest_route=\/wp\/v2\/posts\/18563","targetHints":{"allow":["GET"]}}],"collection":[{"href":"http:\/\/wgphoto.pl\/t\/index.php?rest_route=\/wp\/v2\/posts"}],"about":[{"href":"http:\/\/wgphoto.pl\/t\/index.php?rest_route=\/wp\/v2\/types\/post"}],"author":[{"embeddable":true,"href":"http:\/\/wgphoto.pl\/t\/index.php?rest_route=\/wp\/v2\/users\/1"}],"replies":[{"embeddable":true,"href":"http:\/\/wgphoto.pl\/t\/index.php?rest_route=%2Fwp%2Fv2%2Fcomments&post=18563"}],"version-history":[{"count":1,"href":"http:\/\/wgphoto.pl\/t\/index.php?rest_route=\/wp\/v2\/posts\/18563\/revisions"}],"predecessor-version":[{"id":18565,"href":"http:\/\/wgphoto.pl\/t\/index.php?rest_route=\/wp\/v2\/posts\/18563\/revisions\/18565"}],"wp:featuredmedia":[{"embeddable":true,"href":"http:\/\/wgphoto.pl\/t\/index.php?rest_route=\/wp\/v2\/media\/18564"}],"wp:attachment":[{"href":"http:\/\/wgphoto.pl\/t\/index.php?rest_route=%2Fwp%2Fv2%2Fmedia&parent=18563"}],"wp:term":[{"taxonomy":"category","embeddable":true,"href":"http:\/\/wgphoto.pl\/t\/index.php?rest_route=%2Fwp%2Fv2%2Fcategories&post=18563"},{"taxonomy":"post_tag","embeddable":true,"href":"http:\/\/wgphoto.pl\/t\/index.php?rest_route=%2Fwp%2Fv2%2Ftags&post=18563"}],"curies":[{"name":"wp","href":"https:\/\/api.w.org\/{rel}","templated":true}]}}